{"id":100881,"date":"2025-03-04T17:12:53","date_gmt":"2025-03-04T16:12:53","guid":{"rendered":"https:\/\/ehorses-es.mhoptimize.de\/?p=100881"},"modified":"2025-03-27T14:51:38","modified_gmt":"2025-03-27T13:51:38","slug":"caballo-camargues","status":"publish","type":"post","link":"https:\/\/www.ehorses.es\/revista\/razas-de-caballos\/caballo-camargues\/","title":{"rendered":"Caballo camargu\u00e9s"},"content":{"rendered":"<p>[et_pb_section fb_built=&#8220;1&#8243; custom_padding_last_edited=&#8220;on|phone&#8220; _builder_version=&#8220;4.27.4&#8243; _module_preset=&#8220;default&#8220; background_enable_color=&#8220;off&#8220; custom_padding=&#8220;||30px||false|false&#8220; custom_padding_tablet=&#8220;&#8220; custom_padding_phone=&#8220;10px||30px||false|false&#8220; global_colors_info=&#8220;{}&#8220;][et_pb_row _builder_version=&#8220;4.27.4&#8243; _module_preset=&#8220;default&#8220; width=&#8220;90%&#8220; custom_padding=&#8220;||0px||false|false&#8220; global_module=&#8220;100232&#8243; saved_tabs=&#8220;all&#8220; global_colors_info=&#8220;{}&#8220;][et_pb_column type=&#8220;4_4&#8243; _builder_version=&#8220;4.27.4&#8243; _module_preset=&#8220;default&#8220; global_colors_info=&#8220;{}&#8220;][dsm_breadcrumbs home_text=&#8220;Revista&#8220; home_icon=&#8220;&#xf015;||fa||900&#8243; separator_icon=&#8220;&#xf054;||fa||900&#8243; _builder_version=&#8220;4.27.4&#8243; _module_preset=&#8220;default&#8220; items_text_color=&#8220;#242424&#8243; items_font_size=&#8220;14px&#8220; home_icon_text_color=&#8220;#242424&#8243; home_icon_font_size=&#8220;20px&#8220; separators_text_color=&#8220;#242424&#8243; separators_font_size=&#8220;14px&#8220; current_font=&#8220;|700|||||||&#8220; current_font_size=&#8220;14px&#8220; global_colors_info=&#8220;{}&#8220;][\/dsm_breadcrumbs][\/et_pb_column][\/et_pb_row][et_pb_row column_structure=&#8220;2_3,1_3&#8243; _builder_version=&#8220;4.27.4&#8243; _module_preset=&#8220;default&#8220; width=&#8220;90%&#8220; custom_padding=&#8220;||50px||false|false&#8220; global_colors_info=&#8220;{}&#8220;][et_pb_column type=&#8220;2_3&#8243; _builder_version=&#8220;4.27.4&#8243; _module_preset=&#8220;default&#8220; global_colors_info=&#8220;{}&#8220;][dsm_dual_heading before_text=&#8220;Caballo camargu\u00e9s: &#8220; middle_text=&#8220;Apariencia, car\u00e1cter, precio y m\u00e1s&#8220; heading_html_tag=&#8220;h1&#8243; _builder_version=&#8220;4.27.4&#8243; _module_preset=&#8220;default&#8220; header_line_height=&#8220;1.4em&#8220; before_text_color=&#8220;#C42026&#8243; middle_text_color=&#8220;#242424&#8243; custom_margin=&#8220;||15px||false|false&#8220; header_font_size_tablet=&#8220;&#8220; header_font_size_phone=&#8220;28px&#8220; header_font_size_last_edited=&#8220;on|phone&#8220; global_colors_info=&#8220;{}&#8220;][\/dsm_dual_heading][et_pb_text _builder_version=&#8220;4.27.4&#8243; _module_preset=&#8220;default&#8220; link_font=&#8220;||||on|||#C42026|&#8220; link_text_color=&#8220;#C42026&#8243; hover_enabled=&#8220;0&#8243; global_colors_info=&#8220;{}&#8220; sticky_enabled=&#8220;0&#8243;]<strong>El Caballo camargu\u00e9s, originario del delta del R\u00f3dano en el sur de Francia, es una raza peque\u00f1a y resistente tradicionalmente usada para el manejo de toros. Hoy en d\u00eda, sigue siendo criado en la Camarga y es apreciado tambi\u00e9n como caballo de equitaci\u00f3n, ocio y trabajo.<\/strong>[\/et_pb_text][et_pb_blurb image=&#8220;https:\/\/www.ehorses.es\/revista\/wp-content\/uploads\/2025\/02\/Ellipse-11.svg&#8220; icon_placement=&#8220;left&#8220; image_icon_width=&#8220;130%&#8220; content_max_width=&#8220;90%&#8220; image_icon_width_tablet=&#8220;&#8220; image_icon_width_phone=&#8220;&#8220; image_icon_width_last_edited=&#8220;on|phone&#8220; _builder_version=&#8220;4.27.4&#8243; _dynamic_attributes=&#8220;content&#8220; _module_preset=&#8220;default&#8220; body_line_height=&#8220;1.4em&#8220; image_icon_custom_margin=&#8220;|||-15px|false|false&#8220; image_icon_custom_padding=&#8220;||||false|false&#8220; custom_margin=&#8220;||-45px||false|false&#8220; animation=&#8220;off&#8220; body_font_size_tablet=&#8220;&#8220; body_font_size_phone=&#8220;14px&#8220; body_font_size_last_edited=&#8220;on|phone&#8220; global_colors_info=&#8220;{}&#8220;]@ET-DC@eyJkeW5hbWljIjp0cnVlLCJjb250ZW50IjoicG9zdF9kYXRlIiwic2V0dGluZ3MiOnsiYmVmb3JlIjoiPGI+TWljaGVsbGUgQnJlaXRlbmZlbGQ8L2I+PGJyPiIsImFmdGVyIjoiIiwiZGF0ZV9mb3JtYXQiOiJkZWZhdWx0IiwiY3VzdG9tX2RhdGVfZm9ybWF0IjoiIn19@[\/et_pb_blurb][dsm_social_share_buttons dsm_view=&#8220;icon&#8220; dsm_shape=&#8220;circle&#8220; dsm_alignment=&#8220;right&#8220; dsm_column_gap=&#8220;0px&#8220; dsm_icon_size=&#8220;32px&#8220; dsm_color_type=&#8220;custom&#8220; dsm_custom_bg_color=&#8220;RGBA(255,255,255,0)&#8220; dsm_custom_color=&#8220;#242424&#8243; dsm_social_hover_animation=&#8220;dsm-grow&#8220; dsm_icon_size_tablet=&#8220;&#8220; dsm_icon_size_phone=&#8220;26px&#8220; dsm_icon_size_last_edited=&#8220;on|phone&#8220; _builder_version=&#8220;4.27.4&#8243; _module_preset=&#8220;default&#8220; custom_css_free_form=&#8220;||&#8220; global_colors_info=&#8220;{}&#8220;][dsm_social_share_buttons_child dsm_network=&#8220;whatsapp&#8220; _builder_version=&#8220;4.27.4&#8243; _module_preset=&#8220;default&#8220; global_colors_info=&#8220;{}&#8220; dsm_view=&#8220;icon&#8220; dsm_label=&#8220;on&#8220; dsm_social_hover_animation=&#8220;dsm-grow&#8220;][\/dsm_social_share_buttons_child][dsm_social_share_buttons_child dsm_color_type=&#8220;custom&#8220; _builder_version=&#8220;4.27.4&#8243; _module_preset=&#8220;default&#8220; global_colors_info=&#8220;{}&#8220; dsm_view=&#8220;icon&#8220; dsm_label=&#8220;on&#8220; dsm_social_hover_animation=&#8220;dsm-grow&#8220;][\/dsm_social_share_buttons_child][dsm_social_share_buttons_child dsm_network=&#8220;pinterest&#8220; _builder_version=&#8220;4.27.4&#8243; _module_preset=&#8220;default&#8220; global_colors_info=&#8220;{}&#8220; dsm_view=&#8220;icon&#8220; dsm_label=&#8220;on&#8220; dsm_social_hover_animation=&#8220;dsm-grow&#8220;][\/dsm_social_share_buttons_child][\/dsm_social_share_buttons][et_pb_image src=&#8220;@ET-DC@eyJkeW5hbWljIjp0cnVlLCJjb250ZW50IjoicG9zdF9mZWF0dXJlZF9pbWFnZSIsInNldHRpbmdzIjp7fX0=@&#8220; title_text=&#8220;Rectangle 16&#8243; _builder_version=&#8220;4.27.4&#8243; _dynamic_attributes=&#8220;src&#8220; _module_preset=&#8220;default&#8220; border_radii=&#8220;on|10px|10px|10px|10px&#8220; global_colors_info=&#8220;{}&#8220;][\/et_pb_image][pac_divi_table_of_contents title=&#8220;\u00cdndice&#8220; included_headings=&#8220;off|on|off|off|off|off&#8220; title_container_padding=&#8220;12px|23px|10px|23px|false|false&#8220; title_container_bg_color=&#8220;#ffffff&#8220; open_icon_color=&#8220;#242424&#8243; close_icon_color=&#8220;#242424&#8243; body_area_bg_color=&#8220;#ffffff&#8220; body_area_text_link_underline=&#8220;#C42026&#8243; body_area_text_link_underline_thickness=&#8220;2px&#8220; body_area_text_link_padding=&#8220;4px|0px|4px|0px|true|false&#8220; body_area_text_link_color_active=&#8220;#C42026&#8243; body_area_text_link_underline_active=&#8220;#C42026&#8243; _builder_version=&#8220;4.27.4&#8243; _module_preset=&#8220;default&#8220; title_font_font=&#8220;|600|||||||&#8220; title_text_color=&#8220;#242424&#8243; title_font_size=&#8220;18px&#8220; heading_all_font=&#8220;|600|||||||&#8220; border_radii=&#8220;on|15px|15px|15px|15px&#8220; border_width_all=&#8220;1px&#8220; border_color_all=&#8220;#d6d6d6&#8243; border_width_bottom_title_container=&#8220;1px&#8220; border_color_bottom_title_container=&#8220;#d6d6d6&#8243; global_module=&#8220;100399&#8243; saved_tabs=&#8220;all&#8220; global_colors_info=&#8220;{}&#8220;][\/pac_divi_table_of_contents][\/et_pb_column][et_pb_column type=&#8220;1_3&#8243; disabled_on=&#8220;on|on|off&#8220; _builder_version=&#8220;4.27.4&#8243; _module_preset=&#8220;default&#8220; global_colors_info=&#8220;{}&#8220;][et_pb_text _builder_version=&#8220;4.27.4&#8243; _module_preset=&#8220;default&#8220; text_font_size=&#8220;24px&#8220; custom_margin=&#8220;||10px||false|false&#8220; global_colors_info=&#8220;{}&#8220; global_module=&#8220;101433&#8243; theme_builder_area=&#8220;post_content&#8220;]<\/p>\n<p><strong>\u00daltimos art\u00edculos<\/strong><\/p>\n<p>[\/et_pb_text][dsm_blog_carousel posts_number=&#8220;1&#8243; include_categories=&#8220;all&#8220; thumbnail_img_type=&#8220;contain&#8220; use_excerpt=&#8220;off&#8220; use_date=&#8220;off&#8220; use_author=&#8220;off&#8220; columns=&#8220;1&#8243; autoplay=&#8220;off&#8220; use_pagi=&#8220;off&#8220; use_navi=&#8220;off&#8220; post_padding=&#8220;10px|10px|0px|10px|false|true&#8220; post_equal_height=&#8220;on&#8220; content_wrapper=&#8220;15px|10px|10px|10px|false|true&#8220; _builder_version=&#8220;4.27.4&#8243; _module_preset=&#8220;default&#8220; title_level=&#8220;h3&#8243; title_font=&#8220;||||||||&#8220; title_font_size=&#8220;16px&#8220; title_line_height=&#8220;1.6em&#8220; custom_readmore=&#8220;on&#8220; readmore_text_size=&#8220;15px&#8220; readmore_text_color=&#8220;#ffffff&#8220; readmore_bg_color=&#8220;#C42026&#8243; readmore_border_width=&#8220;0px&#8220; readmore_border_radius=&#8220;10px&#8220; readmore_use_icon=&#8220;off&#8220; readmore_alignment=&#8220;center&#8220; readmore_custom_padding=&#8220;6px|25px|6px|25px|true|true&#8220; custom_margin=&#8220;||10px||false|false&#8220; custom_padding=&#8220;10px|10px|10px|10px|true|true&#8220; border_radii_post_box=&#8220;on|10px|10px|10px|10px&#8220; border_radii_image=&#8220;on|10px|10px|10px|10px&#8220; box_shadow_style_post_box=&#8220;preset1&#8243; box_shadow_vertical_post_box=&#8220;0px&#8220; box_shadow_blur_post_box=&#8220;20px&#8220; box_shadow_color_post_box=&#8220;rgba(0,0,0,0.15)&#8220; global_colors_info=&#8220;{}&#8220; global_module=&#8220;101434&#8243; theme_builder_area=&#8220;post_content&#8220;][\/dsm_blog_carousel][dsm_blog_carousel posts_number=&#8220;1&#8243; include_categories=&#8220;18&#8243; thumbnail_img_type=&#8220;contain&#8220; use_excerpt=&#8220;off&#8220; use_date=&#8220;off&#8220; use_author=&#8220;off&#8220; columns=&#8220;1&#8243; autoplay=&#8220;off&#8220; use_pagi=&#8220;off&#8220; use_navi=&#8220;off&#8220; post_padding=&#8220;10px|10px|0px|10px|false|true&#8220; post_equal_height=&#8220;on&#8220; content_wrapper=&#8220;15px|10px|10px|10px|false|true&#8220; _builder_version=&#8220;4.27.4&#8243; _module_preset=&#8220;default&#8220; title_level=&#8220;h3&#8243; title_font=&#8220;||||||||&#8220; title_font_size=&#8220;16px&#8220; title_line_height=&#8220;1.6em&#8220; custom_readmore=&#8220;on&#8220; readmore_text_size=&#8220;15px&#8220; readmore_text_color=&#8220;#ffffff&#8220; readmore_bg_color=&#8220;#C42026&#8243; readmore_border_width=&#8220;0px&#8220; readmore_border_radius=&#8220;10px&#8220; readmore_use_icon=&#8220;off&#8220; readmore_alignment=&#8220;center&#8220; readmore_custom_padding=&#8220;6px|25px|6px|25px|true|true&#8220; custom_margin=&#8220;||10px||false|false&#8220; custom_padding=&#8220;10px|10px|10px|10px|true|true&#8220; border_radii_post_box=&#8220;on|10px|10px|10px|10px&#8220; border_radii_image=&#8220;on|10px|10px|10px|10px&#8220; box_shadow_style_post_box=&#8220;preset1&#8243; box_shadow_vertical_post_box=&#8220;0px&#8220; box_shadow_blur_post_box=&#8220;20px&#8220; box_shadow_color_post_box=&#8220;rgba(0,0,0,0.15)&#8220; global_colors_info=&#8220;{}&#8220; global_module=&#8220;101435&#8243; theme_builder_area=&#8220;post_content&#8220;][\/dsm_blog_carousel][et_pb_button button_url=&#8220;\/revista\/razas-de-caballos\/&#8220; button_text=&#8220;Todas las razas de caballos&#8220; button_alignment=&#8220;center&#8220; _builder_version=&#8220;4.27.4&#8243; _module_preset=&#8220;default&#8220; custom_button=&#8220;on&#8220; button_text_size=&#8220;16px&#8220; button_text_color=&#8220;#ffffff&#8220; button_bg_color=&#8220;#C42026&#8243; button_border_width=&#8220;2px&#8220; button_border_color=&#8220;#C42026&#8243; button_border_radius=&#8220;10px&#8220; button_use_icon=&#8220;off&#8220; custom_padding=&#8220;8px|20px|8px|20px|true|true&#8220; global_colors_info=&#8220;{}&#8220; transform_styles__hover_enabled=&#8220;on|hover&#8220; transform_scale__hover_enabled=&#8220;on|hover&#8220; transform_translate__hover_enabled=&#8220;on|desktop&#8220; transform_rotate__hover_enabled=&#8220;on|desktop&#8220; transform_skew__hover_enabled=&#8220;on|desktop&#8220; transform_origin__hover_enabled=&#8220;on|desktop&#8220; transform_scale__hover=&#8220;105%|105%&#8220; global_module=&#8220;101436&#8243; theme_builder_area=&#8220;post_content&#8220;][\/et_pb_button][et_pb_code _builder_version=&#8220;4.27.4&#8243; _module_preset=&#8220;default&#8220; global_colors_info=&#8220;{}&#8220; global_module=&#8220;101437&#8243; theme_builder_area=&#8220;post_content&#8220;]<\/p>\n<div id=\"ehorses.es_sky_1\"><\/div>\n<p>[\/et_pb_code][\/et_pb_column][\/et_pb_row][et_pb_row use_custom_gutter=&#8220;on&#8220; gutter_width=&#8220;1&#8243; _builder_version=&#8220;4.27.4&#8243; _module_preset=&#8220;default&#8220; width=&#8220;90%&#8220; custom_padding=&#8220;0px||55px||false|false&#8220; global_colors_info=&#8220;{}&#8220;][et_pb_column type=&#8220;4_4&#8243; _builder_version=&#8220;4.27.4&#8243; _module_preset=&#8220;default&#8220; global_colors_info=&#8220;{}&#8220;][et_pb_text _builder_version=&#8220;4.27.4&#8243; _module_preset=&#8220;default&#8220; header_2_line_height=&#8220;1.4em&#8220; header_2_font_size_tablet=&#8220;&#8220; header_2_font_size_phone=&#8220;22px&#8220; header_2_font_size_last_edited=&#8220;on|phone&#8220; global_colors_info=&#8220;{}&#8220;]<\/p>\n<h2>Datos importantes sobre el Caballo camargu\u00e9s<\/h2>\n<p>[\/et_pb_text][et_pb_text _builder_version=&#8220;4.27.4&#8243; _module_preset=&#8220;default&#8220; link_font=&#8220;||||on|||#C42026|&#8220; link_text_color=&#8220;#C42026&#8243; global_colors_info=&#8220;{}&#8220;]<\/p>\n<ul>\n<li><strong>Origen:<\/strong> Delta del R\u00f3dano, sur de Francia<\/li>\n<li><strong>Zona principal de cr\u00eda:<\/strong> Sur de Francia<\/li>\n<li><strong>Distribuci\u00f3n:<\/strong> Predominantemente en Francia y otros pa\u00edses de Europa occidental<\/li>\n<li><strong>Tipo:<\/strong> Caballo peque\u00f1o<\/li>\n<li><strong>Altura a la cruz:<\/strong> 130-160 cm<\/li>\n<li><strong>Peso:<\/strong> Aproximadamente 360 kg<\/li>\n<li><strong>Apariencia:<\/strong> Fuerte, robusto, con perfil convexo, cabeza pesada con gran definici\u00f3n y cascos de gran tama\u00f1o y resistencia<\/li>\n<li><strong>Colores:<\/strong> Exclusivamente tordos, aunque nacen como negros o alazanes y se aclaran con el tiempo<\/li>\n<li><strong>Disciplina:<\/strong> Equitaci\u00f3n, manejo de granado,  trabajo y  carga<\/li>\n<\/ul>\n<p>[\/et_pb_text][\/et_pb_column][\/et_pb_row][et_pb_row use_custom_gutter=&#8220;on&#8220; gutter_width=&#8220;1&#8243; _builder_version=&#8220;4.27.4&#8243; _module_preset=&#8220;default&#8220; width=&#8220;90%&#8220; custom_padding=&#8220;30px||55px||false|false&#8220; global_colors_info=&#8220;{}&#8220;][et_pb_column type=&#8220;4_4&#8243; _builder_version=&#8220;4.27.4&#8243; _module_preset=&#8220;default&#8220; global_colors_info=&#8220;{}&#8220;][et_pb_text _builder_version=&#8220;4.27.4&#8243; _module_preset=&#8220;default&#8220; header_2_line_height=&#8220;1.4em&#8220; custom_margin=&#8220;||25px||false|false&#8220; header_2_font_size_tablet=&#8220;&#8220; header_2_font_size_phone=&#8220;22px&#8220; header_2_font_size_last_edited=&#8220;on|phone&#8220; global_colors_info=&#8220;{}&#8220;]<\/p>\n<h2>Im\u00e1genes del Caballo camargu\u00e9s<\/h2>\n<p>[\/et_pb_text][dsm_image_carousel gallery_ids=&#8220;100884,100883,100882&#8243; lazyload=&#8220;on&#8220; slide_to_show=&#8220;3&#8243; autoplay=&#8220;off&#8220; arrow_prev=&#8220;on&#8220; arrow_prev_font_icon=&#8220;&#x44;||divi||400&#8243; arrow_next=&#8220;on&#8220; arrow_next_font_icon=&#8220;&#x45;||divi||400&#8243; arrow_color=&#8220;#242424&#8243; dots_active_color=&#8220;#242424&#8243; _builder_version=&#8220;4.27.4&#8243; _module_preset=&#8220;default&#8220; border_radii_image=&#8220;on|15px|15px|15px|15px&#8220; global_colors_info=&#8220;{}&#8220;][\/dsm_image_carousel][\/et_pb_column][\/et_pb_row][et_pb_row use_custom_gutter=&#8220;on&#8220; gutter_width=&#8220;1&#8243; _builder_version=&#8220;4.27.4&#8243; _module_preset=&#8220;default&#8220; width=&#8220;90%&#8220; custom_padding=&#8220;30px||55px||false|false&#8220; global_colors_info=&#8220;{}&#8220;][et_pb_column type=&#8220;4_4&#8243; _builder_version=&#8220;4.27.4&#8243; _module_preset=&#8220;default&#8220; global_colors_info=&#8220;{}&#8220;][et_pb_text _builder_version=&#8220;4.27.4&#8243; _module_preset=&#8220;default&#8220; header_2_line_height=&#8220;1.4em&#8220; header_2_font_size_tablet=&#8220;&#8220; header_2_font_size_phone=&#8220;22px&#8220; header_2_font_size_last_edited=&#8220;on|phone&#8220; global_colors_info=&#8220;{}&#8220;]<\/p>\n<h2>Historia de la raza del Caballo camargu\u00e9s<\/h2>\n<p>[\/et_pb_text][et_pb_text _builder_version=&#8220;4.27.4&#8243; _module_preset=&#8220;default&#8220; link_font=&#8220;||||on||||&#8220; global_colors_info=&#8220;{}&#8220;]El <strong>Caballo camargu\u00e9s<\/strong> es una antigua raza francesa cuyos or\u00edgenes de cr\u00eda se remontan a la \u00e9poca de Julio C\u00e9sar. A lo largo de los siglos, estos caballos salvajes estuvieron sujetos a m\u00faltiples intentos de mejora gen\u00e9tica, incluyendo cruces con caballos bereberes. Sin embargo, algunos ejemplares han permanecido al margen de esta influencia, mostrando un tipo uniforme que refleja su origen como caballo de trabajo robusto. Adem\u00e1s, criadores como el marqu\u00e9s Folco de Baroncelli-Javon jugaron un papel fundamental en la preservaci\u00f3n de las l\u00edneas de sangre puras, promoviendo una cr\u00eda selectiva que respetase las tradiciones provenzales. Por ejemplo, el uso del caballo camargu\u00e9s para pastorear toros en la Camarga con los &#8218;gardians&#8216;, vaqueros vestidos con trajes tradicionales.<\/p>\n<p>Un punto de inflexi\u00f3n en la historia de esta raza ocurri\u00f3 en la d\u00e9cada de 1920, cuando se cerraron las estaciones de monta estatales que criaban caballos para el ej\u00e9rcito a trav\u00e9s de cruces entre yeguas camarguesas y sementales de otras razas. Esto permiti\u00f3 una selecci\u00f3n natural dentro de las manadas que viv\u00edan libres, lo que result\u00f3 en un tipo m\u00e1s fuerte y adaptado al trabajo con ganado. Para 1960, la poblaci\u00f3n de caballos camargueses hab\u00eda disminuido a unos 600 ejemplares. En la d\u00e9cada de 1970 se instaur\u00f3 un libro geneal\u00f3gico para la raza, y desde 1990 se han criado exclusivamente en pureza.[\/et_pb_text][\/et_pb_column][\/et_pb_row][et_pb_row use_custom_gutter=&#8220;on&#8220; gutter_width=&#8220;1&#8243; _builder_version=&#8220;4.27.4&#8243; _module_preset=&#8220;default&#8220; width=&#8220;90%&#8220; custom_margin=&#8220;0px||35px||false|false&#8220; custom_padding=&#8220;20px|20px|20px|20px|true|true&#8220; border_radii=&#8220;on|10px|10px|10px|10px&#8220; box_shadow_style=&#8220;preset1&#8243; box_shadow_vertical=&#8220;0px&#8220; box_shadow_blur=&#8220;20px&#8220; box_shadow_color=&#8220;rgba(0,0,0,0.15)&#8220; global_colors_info=&#8220;{}&#8220;][et_pb_column type=&#8220;4_4&#8243; _builder_version=&#8220;4.27.4&#8243; _module_preset=&#8220;default&#8220; global_colors_info=&#8220;{}&#8220;][dsm_icon_list icon_color=&#8220;#FF4C4D&#8220; icon_gap_width=&#8220;1.6em&#8220; icon_font_size=&#8220;32px&#8220; _builder_version=&#8220;4.27.4&#8243; _module_preset=&#8220;default&#8220; custom_margin=&#8220;||15px||false|false&#8220; global_colors_info=&#8220;{}&#8220;][dsm_icon_list_child text=&#8220;\u00bfPara qu\u00e9 se criaban originalmente los Caballos camargueses?&#8220; font_icon=&#8220;&#xe060;||divi||400&#8243; icon_color=&#8220;#FF4C4D&#8220; icon_font_size=&#8220;24px&#8220; _builder_version=&#8220;4.27.4&#8243; _module_preset=&#8220;default&#8220; text_font=&#8220;|700|||||||&#8220; text_font_size=&#8220;18px&#8220; text_line_height=&#8220;1.4em&#8220; global_colors_info=&#8220;{}&#8220;]ddds[\/dsm_icon_list_child][\/dsm_icon_list][et_pb_text _builder_version=&#8220;4.27.4&#8243; _module_preset=&#8220;default&#8220; global_colors_info=&#8220;{}&#8220;]Los caballos camargueses se criaban originalmente para el manejo de toros en la regi\u00f3n de la Camarga.[\/et_pb_text][\/et_pb_column][\/et_pb_row][et_pb_row use_custom_gutter=&#8220;on&#8220; gutter_width=&#8220;1&#8243; _builder_version=&#8220;4.27.4&#8243; _module_preset=&#8220;default&#8220; width=&#8220;90%&#8220; custom_padding=&#8220;30px||55px||false|false&#8220; global_colors_info=&#8220;{}&#8220;][et_pb_column type=&#8220;4_4&#8243; _builder_version=&#8220;4.27.4&#8243; _module_preset=&#8220;default&#8220; global_colors_info=&#8220;{}&#8220;][et_pb_text _builder_version=&#8220;4.27.4&#8243; _module_preset=&#8220;default&#8220; header_2_line_height=&#8220;1.4em&#8220; header_2_font_size_tablet=&#8220;&#8220; header_2_font_size_phone=&#8220;22px&#8220; header_2_font_size_last_edited=&#8220;on|phone&#8220; global_colors_info=&#8220;{}&#8220;]<\/p>\n<h2>Apariencia del caballo camargu\u00e9s<\/h2>\n<p>[\/et_pb_text][et_pb_text ul_position=&#8220;inside&#8220; _builder_version=&#8220;4.27.4&#8243; _module_preset=&#8220;default&#8220; link_font=&#8220;||||on||||&#8220; global_colors_info=&#8220;{}&#8220;]El <strong>Caballo camargu\u00e9s<\/strong> destaca por su cuerpo compacto y fuerte, con una altura a la cruz que oscila entre 135 y 150 cm. Su cabeza es pesada y expresiva, con un perfil a menudo convexo, una frente amplia y plana, y ojos grandes y saltones. Posee un cuello corto y musculoso, hombros inclinados y fuertes, un pecho profundo y un dorso medianamente largo que puede soportar peso considerable. La grupa es ligeramente inclinada y musculosa, mientras que las patas tienen una estructura seca y proporcionada, con muslos bien desarrollados y cascos resistentes que se adaptan a todo tipo de terreno.<\/p>\n<p>Una de las caracter\u00edsticas m\u00e1s distintivas de esta raza es su pelaje. Todos los Caballos camargueses son tordos, pero nacen como negros, casta\u00f1os o alazanes y aclaran con el tiempo, adoptando con los a\u00f1os su caracter\u00edstico color blanco. Algunos incluso muestran patrones moteados, conocidos como tordos picazo. Adem\u00e1s, destacan por su abundante crin y cola, que funcionan como protecci\u00f3n natural contra el clima y los insectos.[\/et_pb_text][\/et_pb_column][\/et_pb_row][et_pb_row use_custom_gutter=&#8220;on&#8220; gutter_width=&#8220;1&#8243; _builder_version=&#8220;4.27.4&#8243; _module_preset=&#8220;default&#8220; width=&#8220;90%&#8220; custom_margin=&#8220;0px||35px||false|false&#8220; custom_padding=&#8220;20px|20px|20px|20px|true|true&#8220; border_radii=&#8220;on|10px|10px|10px|10px&#8220; box_shadow_style=&#8220;preset1&#8243; box_shadow_vertical=&#8220;0px&#8220; box_shadow_blur=&#8220;20px&#8220; box_shadow_color=&#8220;rgba(0,0,0,0.15)&#8220; global_colors_info=&#8220;{}&#8220;][et_pb_column type=&#8220;4_4&#8243; _builder_version=&#8220;4.27.4&#8243; _module_preset=&#8220;default&#8220; global_colors_info=&#8220;{}&#8220;][dsm_icon_list icon_color=&#8220;#FF4C4D&#8220; icon_gap_width=&#8220;1.6em&#8220; icon_font_size=&#8220;32px&#8220; _builder_version=&#8220;4.27.4&#8243; _module_preset=&#8220;default&#8220; custom_margin=&#8220;||15px||false|false&#8220; global_colors_info=&#8220;{}&#8220;][dsm_icon_list_child text=&#8220;\u00bfC\u00f3mo son los Caballos camargueses?&#8220; font_icon=&#8220;&#xe060;||divi||400&#8243; icon_color=&#8220;#FF4C4D&#8220; icon_font_size=&#8220;24px&#8220; _builder_version=&#8220;4.27.4&#8243; _module_preset=&#8220;default&#8220; text_font=&#8220;|700|||||||&#8220; text_font_size=&#8220;18px&#8220; text_line_height=&#8220;1.4em&#8220; global_colors_info=&#8220;{}&#8220;]ddds[\/dsm_icon_list_child][\/dsm_icon_list][et_pb_text _builder_version=&#8220;4.27.4&#8243; _module_preset=&#8220;default&#8220; global_colors_info=&#8220;{}&#8220;]Con una altura m\u00e1xima de unos 150 cm, no son especialmente grandes. Sin embargo, compensan su tama\u00f1o con un cuerpo compacto y musculoso. La caracter\u00edstica m\u00e1s destacada es su color blanco, que se desarrolla por completo a los 10 a\u00f1os de edad.[\/et_pb_text][\/et_pb_column][\/et_pb_row][et_pb_row use_custom_gutter=&#8220;on&#8220; gutter_width=&#8220;1&#8243; _builder_version=&#8220;4.27.4&#8243; _module_preset=&#8220;default&#8220; width=&#8220;90%&#8220; custom_padding=&#8220;30px||55px||false|false&#8220; global_colors_info=&#8220;{}&#8220;][et_pb_column type=&#8220;4_4&#8243; _builder_version=&#8220;4.27.4&#8243; _module_preset=&#8220;default&#8220; global_colors_info=&#8220;{}&#8220;][et_pb_text _builder_version=&#8220;4.27.4&#8243; _module_preset=&#8220;default&#8220; header_2_line_height=&#8220;1.4em&#8220; header_2_font_size_tablet=&#8220;&#8220; header_2_font_size_phone=&#8220;22px&#8220; header_2_font_size_last_edited=&#8220;on|phone&#8220; global_colors_info=&#8220;{}&#8220;]<\/p>\n<h2>Car\u00e1cter del caballo camargu\u00e9s<\/h2>\n<p>[\/et_pb_text][et_pb_text ul_position=&#8220;inside&#8220; _builder_version=&#8220;4.27.4&#8243; _module_preset=&#8220;default&#8220; link_font=&#8220;||||on||||&#8220; ul_line_height=&#8220;2.4em&#8220; global_colors_info=&#8220;{}&#8220;]<\/p>\n<p>Los Caballos camargueses se cr\u00edan tradicionalmente en libertad en el sur de Francia, habitando zonas pantanosas del delta del R\u00f3dano. Estas duras condiciones han contribuido a su car\u00e1cter tranquilo, resistente y autosuficiente. Son caballos valientes, capaces de soportar climas extremos y terrenos dif\u00edciles. Adem\u00e1s, tienen una gran capacidad de regeneraci\u00f3n y son m\u00e1s resistentes que muchas otras razas.<\/p>\n<p>Curiosamente, muchos Caballos camargueses muestran un car\u00e1cter independiente. Sin embargo, una vez ganada su confianza, son extremadamente leales y har\u00e1n todo lo posible por su jinete. Su agilidad e inteligencia les proporcionan un encanto especial y los convierten en compa\u00f1eros ideales para recorridos largos y deportes ecuestres.<\/p>\n<p>[\/et_pb_text][\/et_pb_column][\/et_pb_row][et_pb_row use_custom_gutter=&#8220;on&#8220; gutter_width=&#8220;1&#8243; _builder_version=&#8220;4.27.4&#8243; _module_preset=&#8220;default&#8220; width=&#8220;90%&#8220; custom_margin=&#8220;0px||35px||false|false&#8220; custom_padding=&#8220;20px|20px|20px|20px|true|true&#8220; border_radii=&#8220;on|10px|10px|10px|10px&#8220; box_shadow_style=&#8220;preset1&#8243; box_shadow_vertical=&#8220;0px&#8220; box_shadow_blur=&#8220;20px&#8220; box_shadow_color=&#8220;rgba(0,0,0,0.15)&#8220; global_colors_info=&#8220;{}&#8220;][et_pb_column type=&#8220;4_4&#8243; _builder_version=&#8220;4.27.4&#8243; _module_preset=&#8220;default&#8220; global_colors_info=&#8220;{}&#8220;][dsm_icon_list icon_color=&#8220;#FF4C4D&#8220; icon_gap_width=&#8220;1.6em&#8220; icon_font_size=&#8220;32px&#8220; _builder_version=&#8220;4.27.4&#8243; _module_preset=&#8220;default&#8220; custom_margin=&#8220;||15px||false|false&#8220; global_colors_info=&#8220;{}&#8220;][dsm_icon_list_child text=&#8220;\u00bfCu\u00e1nta actividad necesitan los Caballos camargueses?&#8220; font_icon=&#8220;&#xe060;||divi||400&#8243; icon_color=&#8220;#FF4C4D&#8220; icon_font_size=&#8220;24px&#8220; _builder_version=&#8220;4.27.4&#8243; _module_preset=&#8220;default&#8220; text_font=&#8220;|700|||||||&#8220; text_font_size=&#8220;18px&#8220; text_line_height=&#8220;1.4em&#8220; global_colors_info=&#8220;{}&#8220;]ddds[\/dsm_icon_list_child][\/dsm_icon_list][et_pb_text _builder_version=&#8220;4.27.4&#8243; _module_preset=&#8220;default&#8220; global_colors_info=&#8220;{}&#8220;]Los Caballos camargueses necesitan mucho espacio y libertad para moverse. Una vida en el campo o con acceso diario a pastizales es esencial para su bienestar.[\/et_pb_text][\/et_pb_column][\/et_pb_row][et_pb_row use_custom_gutter=&#8220;on&#8220; gutter_width=&#8220;1&#8243; _builder_version=&#8220;4.27.4&#8243; _module_preset=&#8220;default&#8220; width=&#8220;90%&#8220; custom_padding=&#8220;30px||55px||false|false&#8220; global_colors_info=&#8220;{}&#8220;][et_pb_column type=&#8220;4_4&#8243; _builder_version=&#8220;4.27.4&#8243; _module_preset=&#8220;default&#8220; global_colors_info=&#8220;{}&#8220;][et_pb_text _builder_version=&#8220;4.27.4&#8243; _module_preset=&#8220;default&#8220; header_2_line_height=&#8220;1.4em&#8220; header_2_font_size_tablet=&#8220;&#8220; header_2_font_size_phone=&#8220;22px&#8220; header_2_font_size_last_edited=&#8220;on|phone&#8220; global_colors_info=&#8220;{}&#8220;]<\/p>\n<h2>Salud y cuidados especiales<\/h2>\n<p>[\/et_pb_text][et_pb_text ul_position=&#8220;inside&#8220; _builder_version=&#8220;4.27.4&#8243; _module_preset=&#8220;default&#8220; link_font=&#8220;||||on||||&#8220; ul_line_height=&#8220;2.4em&#8220; global_colors_info=&#8220;{}&#8220;]El <strong>Caballo camargu\u00e9s<\/strong> es una raza sumamente saludable y resistente, con pocas enfermedades comunes. Sin embargo, hay casos en los que, bajo el cuidado humano, pueden desarrollar sobrepeso, lo que a su vez puede conducir a problemas secundarios como dolencias articulares, enfermedades metab\u00f3licas o c\u00f3licos. Una dieta equilibrada y ejercicio regular son clave para prevenir estos problemas.[\/et_pb_text][et_pb_image src=&#8220;https:\/\/www.ehorses.es\/revista\/wp-content\/uploads\/2025\/03\/caballo-camargues-de-frente.webp&#8220; alt=&#8220;Caballo camargu\u00e9s de frente&#8220; title_text=&#8220;Caballo camargu\u00e9s&#8220; align=&#8220;center&#8220; _builder_version=&#8220;4.27.4&#8243; _module_preset=&#8220;default&#8220; custom_margin=&#8220;50px||||false|false&#8220; border_radii=&#8220;on|15px|15px|15px|15px&#8220; global_colors_info=&#8220;{}&#8220;][\/et_pb_image][\/et_pb_column][\/et_pb_row][et_pb_row use_custom_gutter=&#8220;on&#8220; gutter_width=&#8220;1&#8243; _builder_version=&#8220;4.27.4&#8243; _module_preset=&#8220;default&#8220; width=&#8220;90%&#8220; custom_padding=&#8220;30px||55px||false|false&#8220; global_colors_info=&#8220;{}&#8220;][et_pb_column type=&#8220;4_4&#8243; _builder_version=&#8220;4.27.4&#8243; _module_preset=&#8220;default&#8220; global_colors_info=&#8220;{}&#8220;][et_pb_text _builder_version=&#8220;4.27.4&#8243; _module_preset=&#8220;default&#8220; header_2_line_height=&#8220;1.4em&#8220; header_2_font_size_tablet=&#8220;&#8220; header_2_font_size_phone=&#8220;22px&#8220; header_2_font_size_last_edited=&#8220;on|phone&#8220; global_colors_info=&#8220;{}&#8220;]<\/p>\n<h2>Usos del Caballo camargu\u00e9s<\/h2>\n<p>[\/et_pb_text][et_pb_text ul_position=&#8220;inside&#8220; _builder_version=&#8220;4.27.4&#8243; _module_preset=&#8220;default&#8220; link_font=&#8220;||||on||||&#8220; ul_line_height=&#8220;2.4em&#8220; global_colors_info=&#8220;{}&#8220;]<\/p>\n<p>Originariamente criados para manejar toros, los Caballos camargueses eran entrenados bajo la tradici\u00f3n ecuestre espa\u00f1ola, lo que permit\u00eda a los jinetes guiarlos con una sola mano. Actualmente, su uso se ha diversificado gracias a su versatilidad y car\u00e1cter equilibrado.<\/p>\n<p>Por su fortaleza f\u00edsica, son muy populares en cabalgatas de largas distancias y rutas de senderismo, mostrando gran habilidad en terrenos dif\u00edciles. Sin embargo, tambi\u00e9n son aptos para una amplia variedad de disciplinas ecuestres debido a su agilidad y disposici\u00f3n.<\/p>\n<p>[\/et_pb_text][\/et_pb_column][\/et_pb_row][et_pb_row use_custom_gutter=&#8220;on&#8220; gutter_width=&#8220;1&#8243; _builder_version=&#8220;4.27.4&#8243; _module_preset=&#8220;default&#8220; width=&#8220;90%&#8220; custom_margin=&#8220;0px||35px||false|false&#8220; custom_padding=&#8220;20px|20px|20px|20px|true|true&#8220; border_radii=&#8220;on|10px|10px|10px|10px&#8220; box_shadow_style=&#8220;preset1&#8243; box_shadow_vertical=&#8220;0px&#8220; box_shadow_blur=&#8220;20px&#8220; box_shadow_color=&#8220;rgba(0,0,0,0.15)&#8220; global_colors_info=&#8220;{}&#8220;][et_pb_column type=&#8220;4_4&#8243; _builder_version=&#8220;4.27.4&#8243; _module_preset=&#8220;default&#8220; global_colors_info=&#8220;{}&#8220;][dsm_icon_list icon_color=&#8220;#FF4C4D&#8220; icon_gap_width=&#8220;1.6em&#8220; icon_font_size=&#8220;32px&#8220; _builder_version=&#8220;4.27.4&#8243; _module_preset=&#8220;default&#8220; custom_margin=&#8220;||15px||false|false&#8220; global_colors_info=&#8220;{}&#8220;][dsm_icon_list_child text=&#8220;\u00bfCu\u00e1nto vive un Caballo camargu\u00e9s?&#8220; font_icon=&#8220;&#xe060;||divi||400&#8243; icon_color=&#8220;#FF4C4D&#8220; icon_font_size=&#8220;24px&#8220; _builder_version=&#8220;4.27.4&#8243; _module_preset=&#8220;default&#8220; text_font=&#8220;|700|||||||&#8220; text_font_size=&#8220;18px&#8220; text_line_height=&#8220;1.4em&#8220; global_colors_info=&#8220;{}&#8220;]ddds[\/dsm_icon_list_child][\/dsm_icon_list][et_pb_text _builder_version=&#8220;4.27.4&#8243; _module_preset=&#8220;default&#8220; global_colors_info=&#8220;{}&#8220;]Esta raza tiene una esperanza de vida de hasta 30 a\u00f1os.[\/et_pb_text][\/et_pb_column][\/et_pb_row][et_pb_row use_custom_gutter=&#8220;on&#8220; gutter_width=&#8220;1&#8243; _builder_version=&#8220;4.27.4&#8243; _module_preset=&#8220;default&#8220; width=&#8220;90%&#8220; custom_padding=&#8220;30px||55px||false|false&#8220; global_colors_info=&#8220;{}&#8220;][et_pb_column type=&#8220;4_4&#8243; _builder_version=&#8220;4.27.4&#8243; _module_preset=&#8220;default&#8220; global_colors_info=&#8220;{}&#8220;][et_pb_text _builder_version=&#8220;4.27.4&#8243; _module_preset=&#8220;default&#8220; header_2_line_height=&#8220;1.4em&#8220; header_2_font_size_tablet=&#8220;&#8220; header_2_font_size_phone=&#8220;22px&#8220; header_2_font_size_last_edited=&#8220;on|phone&#8220; global_colors_info=&#8220;{}&#8220;]<\/p>\n<h2>Crianza y cuidado del Caballo camargu\u00e9s<\/h2>\n<p>[\/et_pb_text][et_pb_text ul_position=&#8220;inside&#8220; _builder_version=&#8220;4.27.4&#8243; _module_preset=&#8220;default&#8220; link_font=&#8220;||||on||||&#8220; ul_line_height=&#8220;2.4em&#8220; global_colors_info=&#8220;{}&#8220;]<\/p>\n<p>Por su naturaleza adaptable, los Caballos camargueses pueden vivir en casi cualquier tipo de instalaci\u00f3n, aunque lo ideal es una vida en semilibertad. Un establo abierto con acceso continuo a una pradera es la opci\u00f3n \u00f3ptima para ellos.<\/p>\n<p>Estos caballos inteligentes necesitan estimulaci\u00f3n tanto f\u00edsica como mental. Responden bien a un manejo firme pero respetuoso, ya sea durante el entrenamiento en la pista o en las tareas cotidianas. Tambi\u00e9n necesitan cuidados regulares, especialmente debido a su pelaje blanco y su larga crin, que requieren una atenci\u00f3n cuidadosa para mantenerse en buenas condiciones.<\/p>\n<p>[\/et_pb_text][\/et_pb_column][\/et_pb_row][et_pb_row use_custom_gutter=&#8220;on&#8220; gutter_width=&#8220;1&#8243; _builder_version=&#8220;4.27.4&#8243; _module_preset=&#8220;default&#8220; width=&#8220;90%&#8220; custom_margin=&#8220;0px||35px||false|false&#8220; custom_padding=&#8220;20px|20px|20px|20px|true|true&#8220; border_radii=&#8220;on|10px|10px|10px|10px&#8220; box_shadow_style=&#8220;preset1&#8243; box_shadow_vertical=&#8220;0px&#8220; box_shadow_blur=&#8220;20px&#8220; box_shadow_color=&#8220;rgba(0,0,0,0.15)&#8220; global_colors_info=&#8220;{}&#8220;][et_pb_column type=&#8220;4_4&#8243; _builder_version=&#8220;4.27.4&#8243; _module_preset=&#8220;default&#8220; global_colors_info=&#8220;{}&#8220;][dsm_icon_list icon_color=&#8220;#FF4C4D&#8220; icon_gap_width=&#8220;1.6em&#8220; icon_font_size=&#8220;32px&#8220; _builder_version=&#8220;4.27.4&#8243; _module_preset=&#8220;default&#8220; custom_margin=&#8220;||15px||false|false&#8220; global_colors_info=&#8220;{}&#8220;][dsm_icon_list_child text=&#8220;\u00bfCu\u00e1nto cuesta un Caballo camargu\u00e9s?&#8220; font_icon=&#8220;&#xe060;||divi||400&#8243; icon_color=&#8220;#FF4C4D&#8220; icon_font_size=&#8220;24px&#8220; _builder_version=&#8220;4.27.4&#8243; _module_preset=&#8220;default&#8220; text_font=&#8220;|700|||||||&#8220; text_font_size=&#8220;18px&#8220; text_line_height=&#8220;1.4em&#8220; global_colors_info=&#8220;{}&#8220;]ddds[\/dsm_icon_list_child][\/dsm_icon_list][et_pb_text _builder_version=&#8220;4.27.4&#8243; _module_preset=&#8220;default&#8220; global_colors_info=&#8220;{}&#8220;]El precio de un <strong>Caballo camargu\u00e9s<\/strong> puede variar, pero en promedio, un ejemplar suele costar entre 5,000 y 10,000 euros. (Fuente: <a href=\"https:\/\/www.ehorses.es\/\">ehorses.es<\/a>)[\/et_pb_text][\/et_pb_column][\/et_pb_row][et_pb_row use_custom_gutter=&#8220;on&#8220; gutter_width=&#8220;1&#8243; _builder_version=&#8220;4.27.4&#8243; _module_preset=&#8220;default&#8220; width=&#8220;90%&#8220; custom_padding=&#8220;30px||55px||false|false&#8220; global_colors_info=&#8220;{}&#8220;][et_pb_column type=&#8220;4_4&#8243; _builder_version=&#8220;4.27.4&#8243; _module_preset=&#8220;default&#8220; global_colors_info=&#8220;{}&#8220;][et_pb_text _builder_version=&#8220;4.27.4&#8243; _module_preset=&#8220;default&#8220; header_2_line_height=&#8220;1.4em&#8220; header_2_font_size_tablet=&#8220;&#8220; header_2_font_size_phone=&#8220;22px&#8220; header_2_font_size_last_edited=&#8220;on|phone&#8220; global_colors_info=&#8220;{}&#8220;]<\/p>\n<h2>Caballos camargueses destacados<\/h2>\n<p>[\/et_pb_text][et_pb_text ul_position=&#8220;inside&#8220; _builder_version=&#8220;4.27.4&#8243; _module_preset=&#8220;default&#8220; link_font=&#8220;||||on||||&#8220; ul_line_height=&#8220;2.4em&#8220; global_colors_info=&#8220;{}&#8220;]<\/p>\n<p>Aunque no hay un Caballo camargu\u00e9s espec\u00edfico que haya alcanzado gran fama, esta raza ha sido llevada al p\u00fablico por figuras reconocidas como Nicolas Sarkozy, Pierre Brice y Anja Pl\u00f6nzke. Gracias a ellos, la raza ha ganado un lugar especial en el coraz\u00f3n de muchos amantes de los caballos.<\/p>\n<p>[\/et_pb_text][\/et_pb_column][\/et_pb_row][et_pb_row use_custom_gutter=&#8220;on&#8220; gutter_width=&#8220;1&#8243; _builder_version=&#8220;4.27.4&#8243; _module_preset=&#8220;default&#8220; width=&#8220;90%&#8220; custom_margin=&#8220;0px||35px||false|false&#8220; custom_padding=&#8220;20px|20px|20px|20px|true|true&#8220; border_radii=&#8220;on|10px|10px|10px|10px&#8220; box_shadow_style=&#8220;preset1&#8243; box_shadow_vertical=&#8220;0px&#8220; box_shadow_blur=&#8220;20px&#8220; box_shadow_color=&#8220;rgba(0,0,0,0.15)&#8220; global_colors_info=&#8220;{}&#8220;][et_pb_column type=&#8220;4_4&#8243; _builder_version=&#8220;4.27.4&#8243; _module_preset=&#8220;default&#8220; global_colors_info=&#8220;{}&#8220;][dsm_icon_list icon_color=&#8220;#FF4C4D&#8220; icon_gap_width=&#8220;1.6em&#8220; icon_font_size=&#8220;32px&#8220; _builder_version=&#8220;4.27.4&#8243; _module_preset=&#8220;default&#8220; custom_margin=&#8220;||15px||false|false&#8220; global_colors_info=&#8220;{}&#8220;][dsm_icon_list_child text=&#8220;\u00bfEst\u00e1s buscando el caballo de tus sue\u00f1os?&#8220; use_icon=&#8220;off&#8220; _builder_version=&#8220;4.27.4&#8243; _module_preset=&#8220;default&#8220; text_font=&#8220;|700|||||||&#8220; text_font_size=&#8220;18px&#8220; text_line_height=&#8220;1.4em&#8220; global_colors_info=&#8220;{}&#8220;]<\/p>\n<p>ddds<\/p>\n<p>[\/dsm_icon_list_child][\/dsm_icon_list][et_pb_text _builder_version=&#8220;4.27.4&#8243; _module_preset=&#8220;default&#8220; global_colors_info=&#8220;{}&#8220;]\u00a1Encu\u00e9ntralo ahora en ehorses, el mercado de caballos m\u00e1s grande del mundo![\/et_pb_text][et_pb_button button_url=&#8220;https:\/\/www.ehorses.es\/comprar-caballo\/caballo-camargues.html&#8220; button_text=&#8220;Encontrar Caballo camargu\u00e9s&#8220; button_alignment=&#8220;left&#8220; _builder_version=&#8220;4.27.4&#8243; _module_preset=&#8220;default&#8220; custom_button=&#8220;on&#8220; button_text_size=&#8220;16px&#8220; button_text_color=&#8220;#ffffff&#8220; button_bg_color=&#8220;#C42026&#8243; button_border_width=&#8220;2px&#8220; button_border_color=&#8220;#C42026&#8243; button_border_radius=&#8220;10px&#8220; button_use_icon=&#8220;off&#8220; custom_margin=&#8220;20px||||false|false&#8220; custom_padding=&#8220;8px|20px|8px|20px|true|true&#8220; global_colors_info=&#8220;{}&#8220; transform_styles__hover_enabled=&#8220;on|hover&#8220; transform_scale__hover_enabled=&#8220;on|hover&#8220; transform_translate__hover_enabled=&#8220;on|desktop&#8220; transform_rotate__hover_enabled=&#8220;on|desktop&#8220; transform_skew__hover_enabled=&#8220;on|desktop&#8220; transform_origin__hover_enabled=&#8220;on|desktop&#8220; transform_scale__hover=&#8220;105%|105%&#8220;][\/et_pb_button][\/et_pb_column][\/et_pb_row][et_pb_row use_custom_gutter=&#8220;on&#8220; gutter_width=&#8220;1&#8243; _builder_version=&#8220;4.27.4&#8243; _module_preset=&#8220;default&#8220; width=&#8220;90%&#8220; custom_padding=&#8220;15px||55px||false|false&#8220; global_colors_info=&#8220;{}&#8220;][et_pb_column type=&#8220;4_4&#8243; _builder_version=&#8220;4.27.4&#8243; _module_preset=&#8220;default&#8220; global_colors_info=&#8220;{}&#8220;][et_pb_text _builder_version=&#8220;4.27.4&#8243; _module_preset=&#8220;default&#8220; header_2_line_height=&#8220;1.4em&#8220; custom_margin=&#8220;||10px||false|false&#8220; header_2_font_size_tablet=&#8220;&#8220; header_2_font_size_phone=&#8220;22px&#8220; header_2_font_size_last_edited=&#8220;on|phone&#8220; global_colors_info=&#8220;{}&#8220;]<\/p>\n<h2>Las preguntas m\u00e1s importantes de un vistazo<\/h2>\n<p>[\/et_pb_text][dsm_faq dsm_make_accordion_toggle=&#8220;on&#8220; dsm_open_faq_item=&#8220;on&#8220; dsm_enable_schema_markup=&#8220;on&#8220; dsm_close_bg_color=&#8220;RGBA(255,255,255,0)&#8220; dsm_open_font_icon=&#8220;&#x43;||divi||400&#8243; dsm_close_font_icon=&#8220;&#x45;||divi||400&#8243; dsm_close_icon_color=&#8220;#C42026&#8243; dsm_animate_icon=&#8220;on&#8220; _builder_version=&#8220;4.27.4&#8243; _module_preset=&#8220;default&#8220; header_level=&#8220;h2&#8243; header_font_size=&#8220;16px&#8220; header_line_height=&#8220;1.5em&#8220; border_radii_dsm_toggle_open_border=&#8220;on|10px|10px|10px|10px&#8220; border_radii_dsm_toggle_closed_border=&#8220;on|10px|10px|10px|10px&#8220; global_colors_info=&#8220;{}&#8220;][dsm_faq_child dsm_title=&#8220;\u00bfPara qu\u00e9 se criaban originalmente los Caballos camargueses?&#8220; dsm_content=&#8220;<\/p>\n<p>Los Caballos camargueses se criaban originalmente para el manejo de toros en la regi\u00f3n de la Camarga.<\/p>\n<p>&#8220; _builder_version=&#8220;4.27.4&#8243; _module_preset=&#8220;default&#8220; global_colors_info=&#8220;{}&#8220; parentOrderClass=&#8220;dsm_faq_1&#8243;][\/dsm_faq_child][dsm_faq_child dsm_title=&#8220;\u00bfC\u00f3mo son los Caballos camargueses?&#8220; dsm_content=&#8220;<\/p>\n<p>Con una altura m\u00e1xima de unos 150 cm, no son especialmente grandes. Sin embargo, compensan su tama\u00f1o con un cuerpo compacto y musculoso. La caracter\u00edstica m\u00e1s destacada es su color blanco, que se desarrolla por completo a los 10 a\u00f1os de edad.<\/p>\n<p>&#8220; _builder_version=&#8220;4.27.4&#8243; _module_preset=&#8220;default&#8220; global_colors_info=&#8220;{}&#8220; parentOrderClass=&#8220;dsm_faq_1&#8243;][\/dsm_faq_child][dsm_faq_child dsm_title=&#8220;\u00bfCu\u00e1nta actividad necesitan los Caballos camargueses?&#8220; dsm_content=&#8220;<\/p>\n<p>Los Caballos camargueses necesitan mucho espacio y libertad para moverse. Una vida en el campo o con acceso diario a pastizales es esencial para su bienestar.<\/p>\n<p>&#8220; _builder_version=&#8220;4.27.4&#8243; _module_preset=&#8220;default&#8220; global_colors_info=&#8220;{}&#8220; parentOrderClass=&#8220;dsm_faq_1&#8243;][\/dsm_faq_child][\/dsm_faq][\/et_pb_column][\/et_pb_row][\/et_pb_section][et_pb_section fb_built=&#8220;1&#8243; admin_label=&#8220;section&#8220; _builder_version=&#8220;4.27.4&#8243; _module_preset=&#8220;default&#8220; background_color=&#8220;#ffffff&#8220; custom_padding=&#8220;50px||20px||false|false&#8220; top_divider_height=&#8220;200px&#8220; global_module=&#8220;100333&#8243; saved_tabs=&#8220;all&#8220; global_colors_info=&#8220;{}&#8220;][et_pb_row admin_label=&#8220;row&#8220; _builder_version=&#8220;4.16&#8243; background_size=&#8220;initial&#8220; background_position=&#8220;top_left&#8220; background_repeat=&#8220;repeat&#8220; global_colors_info=&#8220;{}&#8220;][et_pb_column type=&#8220;4_4&#8243; _builder_version=&#8220;4.16&#8243; custom_padding=&#8220;|||&#8220; global_colors_info=&#8220;{}&#8220; custom_padding__hover=&#8220;|||&#8220;][et_pb_text _builder_version=&#8220;4.27.4&#8243; _module_preset=&#8220;default&#8220; header_2_line_height=&#8220;1.4em&#8220; custom_margin=&#8220;||10px||false|false&#8220; header_2_font_size_tablet=&#8220;&#8220; header_2_font_size_phone=&#8220;22px&#8220; header_2_font_size_last_edited=&#8220;on|phone&#8220; global_colors_info=&#8220;{}&#8220;]<\/p>\n<h2>Art\u00edculos m\u00e1s populares<\/h2>\n<p>[\/et_pb_text][dsm_blog_carousel include_categories=&#8220;18&#8243; lazyload=&#8220;on&#8220; thumbnail_img_type=&#8220;contain&#8220; use_excerpt=&#8220;off&#8220; use_date=&#8220;off&#8220; use_author=&#8220;off&#8220; autoplay=&#8220;off&#8220; pagi_active_color=&#8220;#F0FAF5&#8243; left_navi_position=&#8220;-30px&#8220; right_navi_position=&#8220;-30px&#8220; prev_icon=&#8220;&#x44;||divi||400&#8243; next_icon=&#8220;&#x45;||divi||400&#8243; post_padding=&#8220;10px|10px|0px|10px|false|true&#8220; post_equal_height=&#8220;on&#8220; _builder_version=&#8220;4.27.4&#8243; _module_preset=&#8220;default&#8220; title_level=&#8220;h3&#8243; title_font=&#8220;||||||||&#8220; title_line_height=&#8220;1.6em&#8220; custom_readmore=&#8220;on&#8220; readmore_text_size=&#8220;15px&#8220; readmore_text_color=&#8220;#ffffff&#8220; readmore_bg_color=&#8220;#C42026&#8243; readmore_border_width=&#8220;0px&#8220; readmore_border_radius=&#8220;10px&#8220; readmore_use_icon=&#8220;off&#8220; readmore_alignment=&#8220;center&#8220; readmore_custom_padding=&#8220;6px|25px|6px|25px|true|true&#8220; custom_padding=&#8220;10px|10px|10px|10px|true|true&#8220; border_radii_post_box=&#8220;on|10px|10px|10px|10px&#8220; border_radii_image=&#8220;on|10px|10px|10px|10px&#8220; box_shadow_style_post_box=&#8220;preset1&#8243; box_shadow_vertical_post_box=&#8220;0px&#8220; box_shadow_blur_post_box=&#8220;20px&#8220; box_shadow_color_post_box=&#8220;rgba(0,0,0,0.15)&#8220; global_colors_info=&#8220;{}&#8220;][\/dsm_blog_carousel][\/et_pb_column][\/et_pb_row][\/et_pb_section][et_pb_section fb_built=&#8220;1&#8243; prev_background_color=&#8220;#ffffff&#8220; disabled_on=&#8220;on|on|on&#8220; admin_label=&#8220;section&#8220; _builder_version=&#8220;4.27.4&#8243; _module_preset=&#8220;default&#8220; background_color=&#8220;#C42026&#8243; custom_padding=&#8220;5px||100px||false|false&#8220; top_divider_style=&#8220;curve&#8220; top_divider_height=&#8220;200px&#8220; disabled=&#8220;on&#8220; global_module=&#8220;100213&#8243; saved_tabs=&#8220;all&#8220; global_colors_info=&#8220;{}&#8220;][et_pb_row admin_label=&#8220;row&#8220; _builder_version=&#8220;4.16&#8243; background_size=&#8220;initial&#8220; background_position=&#8220;top_left&#8220; background_repeat=&#8220;repeat&#8220; custom_padding=&#8220;0px|||||&#8220; global_colors_info=&#8220;{}&#8220;][et_pb_column type=&#8220;4_4&#8243; _builder_version=&#8220;4.16&#8243; custom_padding=&#8220;|||&#8220; global_colors_info=&#8220;{}&#8220; custom_padding__hover=&#8220;|||&#8220;][et_pb_text _builder_version=&#8220;4.27.4&#8243; _module_preset=&#8220;default&#8220; header_2_line_height=&#8220;1.4em&#8220; custom_margin=&#8220;||10px||false|false&#8220; header_2_font_size_tablet=&#8220;&#8220; header_2_font_size_phone=&#8220;22px&#8220; header_2_font_size_last_edited=&#8220;on|phone&#8220; global_colors_info=&#8220;{}&#8220;]<\/p>\n<h2 style=\"text-align: center;\">Nuevos caballos en ehorses<\/h2>\n<p>[\/et_pb_text][dsm_blog_carousel include_categories=&#8220;18&#8243; lazyload=&#8220;on&#8220; thumbnail_img_type=&#8220;contain&#8220; use_excerpt=&#8220;off&#8220; use_date=&#8220;off&#8220; use_author=&#8220;off&#8220; autoplay=&#8220;off&#8220; pagi_active_color=&#8220;#F0FAF5&#8243; left_navi_position=&#8220;-30px&#8220; right_navi_position=&#8220;-30px&#8220; prev_icon=&#8220;&#x44;||divi||400&#8243; next_icon=&#8220;&#x45;||divi||400&#8243; post_padding=&#8220;10px|10px|0px|10px|false|true&#8220; post_equal_height=&#8220;on&#8220; _builder_version=&#8220;4.27.4&#8243; _module_preset=&#8220;default&#8220; title_level=&#8220;h3&#8243; title_font=&#8220;||||||||&#8220; title_line_height=&#8220;1.6em&#8220; custom_readmore=&#8220;on&#8220; readmore_text_size=&#8220;15px&#8220; readmore_text_color=&#8220;#ffffff&#8220; readmore_bg_color=&#8220;#C42026&#8243; readmore_border_width=&#8220;0px&#8220; readmore_border_radius=&#8220;10px&#8220; readmore_use_icon=&#8220;off&#8220; readmore_alignment=&#8220;center&#8220; readmore_custom_padding=&#8220;6px|25px|6px|25px|true|true&#8220; max_width=&#8220;200%&#8220; custom_margin=&#8220;||14px||false|false&#8220; custom_padding=&#8220;10px|10px|10px|10px|true|true&#8220; border_radii_post_box=&#8220;on|10px|10px|10px|10px&#8220; border_radii_image=&#8220;on|10px|10px|10px|10px&#8220; box_shadow_style_post_box=&#8220;preset1&#8243; box_shadow_vertical_post_box=&#8220;0px&#8220; box_shadow_blur_post_box=&#8220;20px&#8220; box_shadow_color_post_box=&#8220;rgba(0,0,0,0.15)&#8220; global_colors_info=&#8220;{}&#8220;][\/dsm_blog_carousel][\/et_pb_column][\/et_pb_row][et_pb_row _builder_version=&#8220;4.27.4&#8243; _module_preset=&#8220;default&#8220; global_colors_info=&#8220;{}&#8220;][et_pb_column type=&#8220;4_4&#8243; _builder_version=&#8220;4.27.4&#8243; _module_preset=&#8220;default&#8220; global_colors_info=&#8220;{}&#8220;][et_pb_button button_url=&#8220;https:\/\/www.ehorses.es\/caballos-para-la-venta&#8220; url_new_window=&#8220;on&#8220; button_text=&#8220;Mercado de caballos&#8220; button_alignment=&#8220;center&#8220; _builder_version=&#8220;4.27.4&#8243; _module_preset=&#8220;default&#8220; custom_button=&#8220;on&#8220; button_text_color=&#8220;#ffffff&#8220; button_border_color=&#8220;#ffffff&#8220; button_border_radius=&#8220;10px&#8220; button_use_icon=&#8220;off&#8220; background_layout=&#8220;dark&#8220; global_colors_info=&#8220;{}&#8220;][\/et_pb_button][\/et_pb_column][\/et_pb_row][\/et_pb_section]<\/p>\n","protected":false},"excerpt":{"rendered":"<p><div class=\"et_pb_module dsm_breadcrumbs dsm_breadcrumbs_0\">\n\t\t\t\t\n\t\t\t\t\n\t\t\t\t\n\t\t\t\t\n\t\t\t\t\n\t\t\t\t\n\t\t\t\t<div class=\"et_pb_module_inner\">\n\t\t\t\t\t<nav class=\"dsm_breadcrumbs_wrap\">\n\t\t\t\t<ul class=\"dsm_breadcrumbs\" itemscope itemtype=\"https:\/\/schema.org\/BreadcrumbList\">\t\t\t<li class=\"dsm_breadcrumbs_item dsm_home_item dsm_home_item_custom\" itemprop=\"itemListElement\" itemscope\n\t\t\titemtype=\"https:\/\/schema.org\/ListItem\">\n\t\t\t\t<a href=\"https:\/\/www.ehorses.es\/revista\" itemprop=\"item\" target=\"\">\n\t\t\t\t\t<span class='dsm_home_text_wrapper'>\n\t\t\t\t\t\t\t\t\t\t\t\t\t<span class=\"et-pb-icon dsm_home_icon\">&#xf015;<\/span>\n\t\t\t\t\t\t\t\t\t\t\t\t\t<span class=\"dsm_home_text\" itemprop=\"name\">\n\t\t\t\t\t\t\t\tRevista\t\t\t\t\t\t\t<\/span>\n\t\t\t\t\t<\/span>\n\t\t\t\t<\/a>\n\t\t\t\t<meta itemprop=\"position\" content=\"1\" \/>\n\t\t\t<\/li>\n\n\t\t<li class=\"dsm_breadcrumbs_separator\"> <span class=\"et-pb-icon dsm_separator_icon\">&#xf054;<\/span><\/li><\/ul>\n\t\t\t<\/nav>\n\t\t\t\t<\/div>\n\t\t\t<\/div><div class=\"et_pb_module dsm_dual_heading dsm_dual_heading_0  et_pb_bg_layout_light\">\n\t\t\t\t\n\t\t\t\t\n\t\t\t\t\n\t\t\t\t\n\t\t\t\t\n\t\t\t\t\n\t\t\t\t<div class=\"et_pb_module_inner\">\n\t\t\t\t\t<h1 class=\"dsm-dual-heading-main et_pb_module_header\"><span class=\"dsm-dual-heading-before\">Caballo camargu\u00e9s: <\/span><span class=\"dsm-dual-heading-middle\">Apariencia, car\u00e1cter, precio y m\u00e1s<\/span><\/h1>\n\t\t\t\t<\/div>\n\t\t\t<\/div>El Caballo camargu\u00e9s, originario del delta del R\u00f3dano en el sur de Francia, es una raza peque\u00f1a y resistente tradicionalmente usada para el manejo de toros. Hoy en d\u00eda, sigue siendo criado en la Camarga y es apreciado tambi\u00e9n como caballo de equitaci\u00f3n, ocio y trabajo.<div class=\"et_pb_module dsm_social_share_buttons dsm_social_share_buttons_0\">\n\t\t\t\t\n\t\t\t\t\n\t\t\t\t\n\t\t\t\t\n\t\t\t\t\n\t\t\t\t\n\t\t\t\t<div class=\"et_pb_module_inner\">\n\t\t\t\t\t<div class=\"dsm-social-share-buttons-container dsm-gradient dsm-icon\">\n\t\t\t\t<div class=\"dsm-social-share-button-wrapper dsm_social_share_buttons_child_0\">\n\t\t\t\t\n\t\t\t            <div class=\"dsm-social-share-button-inner-wrapper dsm-whatsapp dsm_social_share_buttons_child_0 dsm-grow\" data-share_url=\"https:\/\/api.whatsapp.com\/send?text=\">\n\t\t\t\t\t\t    \n\t\t\t\t\t\t\t\n\t\t\t\t            <div class=\"dsm-social-share-button-icon\">\n\t\t\t\t\t\t\t<span class=\"dsm_icon et-pb-icon\">\uf232<\/span>\t\t\t\t\t\t    <\/div>\n\t\t\t\t\t\t    \n\t\t\t\t\t\t<\/div>\n\t\t\t   \n\t\t\t <\/div>\n\t\t\t<div class=\"dsm-social-share-button-wrapper dsm_social_share_buttons_child_1\">\n\t\t\t\t\n\t\t\t\t\t<div class=\"dsm-social-share-button-inner-wrapper dsm-facebook dsm_social_share_buttons_child_1 dsm-grow\" data-share_url=\"https:\/\/www.facebook.com\/sharer\/sharer.php?u=\">\n\t\t\t\t\t\t\t\n\t\t\t\t\t\t\t<div class=\"dsm-social-share-button-icon\">\n\t\t\t\t\t\t\t\t<span class=\"dsm_icon et-pb-icon\">\uf09a<\/span>\n\t\t\t\t\t\t\t<\/div>\n\t\t\t\t\t\t\t\n\t\t\t\t\t<\/div>\n\t\t\t   \n\t\t\t <\/div>\n\t\t\t<div class=\"dsm-social-share-button-wrapper dsm_social_share_buttons_child_2\">\n\t\t\t\t\n\t\t\t            <div class=\"dsm-social-share-button-inner-wrapper dsm-pinterest dsm_social_share_buttons_child_2 dsm-grow\" data-share_url=\"https:\/\/www.pinterest.com\/pin\/create\/button\/?url=&media=\">\n\t\t\t\t\t\t    \n\t\t\t\t\t\t\t\n\t\t\t                <div class=\"dsm-social-share-button-icon\">\n\t\t\t\t\t\t\t<span class=\"dsm_icon et-pb-icon\">\uf0d2<\/span>\t\t\t\t\t\t    <\/div>\n\t\t\t\t\t\t\t\n\t\t\t\t\t\t<\/div>\n\t\t\t   \n\t\t\t <\/div>\n\t\t\t\n\t\t\t<\/div>\n\t\t\t\n\t\t\t\t<\/div>\n\t\t\t<\/div><div class=\"et_pb_with_border et_pb_module pac_divi_table_of_contents pac_divi_table_of_contents_0\">\n\t\t\t\t\n\t\t\t\t\n\t\t\t\t\n\t\t\t\t\n\t\t\t\t\n\t\t\t\t\n\t\t\t\t<div class=\"et_pb_module_inner\">\n\t\t\t\t\t\n        <div class=\"pac_dtoc_main_container\"\n        data-allow_collapse_minimize=\"on\"\n        data-allow_collapse_minimize_tablet=\"on\"\n        data-allow_collapse_minimize_phone=\"on\"\n        data-ss=\"2000\"\n        data-sah=\"100\"\n        data-collapse_when_sticky=\"off\"\n        data-collapse_when_sticky_tablet=\"off\"\n        data-collapse_when_sticky_phone=\"off\"\n        data-skh=\"off\"\n        data-mtocai=\"off\"\n        data-mtocai_tablet=\"off\"\n        data-mtocai_phone=\"off\"\n        data-alh=\"off\"\n        data-ds=\"open\"\n        data-dst=\"open\"\n        data-dsp=\"open\">\n            <div class=\"pac_dtoc_title_area click_on click_tablet_on click_phone_on\">\n                <div role=\"heading\" aria-level=\"2\" id=\"pac_dtocm_title\" class=\"pac_dtoc_title\">\u00cdndice<\/div>\n                \n                <div class=\"pac_dtoc_icon_responsive\">\n                    <div class=\"pac_dtoc_opened_icon\">2<\/div>\n                    <div class=\"pac_dtoc_closed_icon\">3<\/div>\n                <\/div>\n                \n            <\/div>\n            <div role=\"navigation\" aria-labelledby=\"pac_dtocm_title\" class=\"pac_dtoc_body_area inside\">\n                \n                <div class='divi_table_of_contents' role=\"tree\" ><\/div>\n            <\/div>\n        <\/div>\n        \n\t\t\t\t<\/div>\n\t\t\t<\/div>\u00daltimos art\u00edculos<div class=\"et_pb_module dsm_blog_carousel dsm_blog_carousel_0\">\n\t\t\t\t\n\t\t\t\t\n\t\t\t\t\n\t\t\t\t\n\t\t\t\t\n\t\t\t\t\n\t\t\t\t<div class=\"et_pb_module_inner\">\n\t\t\t\t\t<div class=\"dsm-blog-carousel\" data-orientation='horizontal' data-loop='1' data-speed='500' data-columnsdesktop='1' data-columnsphone='1' data-columnstablet='1' data-autoplay='off' data-autoplayspeed='5000' data-ordernumber='0' data-spacing='30' data-spacingtablet='30' data-spacingphone='30' data-effect='default' data-effect-shadows='off' data-effect-coverflow-rotate='30' data-effect-coverflow-depth='100' data-centered='off' data-multi-row='off' data-row='1' data-rowstablet='1' data-rowsphone='1' data-pagi-button-style='bullets' data-pause-on-hover='off' data-touch-move='off' data-grab='on' data-mousewheel='off'>\n\t\t\t\t<div class=\"swiper-container dsm_blog_carousel_wrapper\" dir=\"ltr\">\n\t\t\t\t\t<div class=\"dsm-blog-carousel-wrapper swiper-wrapper\">\n\t\t\t\t\t\t\n\t\t\t\t<article class=\"dsm-blog-carousel-item swiper-slide\">\n\t\t\t\t\t<div class=\"dsm-grid-post-holder-inner\">\n\t\t\t\t\t\t\t\t\t\t\t\t\t<div class=\"dsm-entry-image\">\n\t\t\t\t\t\t\t\t\t\t\t\t\t\t\t\t<div class=\"dsm-entry-thumbnail\">\n\t\t\t\t\t\t\t\t\t\t\t\t\t\t\t\t\t\t\t<a href=\"https:\/\/www.ehorses.es\/revista\/compra-de-caballos\/cuanto-cuesta-un-caballo\/\">\n\t\t\t\t\t\t\t\t\t\t\t\t\t\t\t\t\t\t<img width=\"1080\" height=\"675\" src=\"https:\/\/www.ehorses.es\/revista\/wp-content\/uploads\/2025\/04\/cuanto-cuesta-un-caballo-1080x675.jpg\" class=\"skip-lazy wp-post-image\" alt=\"\u00bfCu\u00e1nto cuesta un caballo?\" decoding=\"async\" loading=\"lazy\" srcset=\"https:\/\/www.ehorses.es\/revista\/wp-content\/uploads\/2025\/04\/cuanto-cuesta-un-caballo-1080x675.jpg 1080w, https:\/\/www.ehorses.es\/revista\/wp-content\/uploads\/2025\/04\/cuanto-cuesta-un-caballo-980x572.jpg 980w, https:\/\/www.ehorses.es\/revista\/wp-content\/uploads\/2025\/04\/cuanto-cuesta-un-caballo-480x280.jpg 480w\" sizes=\"(min-width: 0px) and (max-width: 480px) 480px, (min-width: 481px) and (max-width: 980px) 980px, (min-width: 981px) 1080px, 100vw\" title=\"\">\t\t\t\t\t\t\t\t\t\t\t\t\t\t\t\t\t\t<\/a>\n\t\t\t\t\t\t\t\t\t\t\t\t\t\t\t\t\t<\/div>\n\t\t\t\t\t\t\t<\/div>\n\t\t\t\t\t\t\n\t\t\t\t\t\t<div class=\"dsm-entry-wrapper\">\n\t\t\t\t\t\t\t\t\t\t\t\t\t\t<header class=\"dsm-entry-header\">\n\t\t\t\t\t\t\t\t\t<h3 class=\"dsm-entry-title\">\n\t\t\t\t\t\t\t\t\t\t\t\t\t\t\t\t\t\t\t\t\t<a href=\"https:\/\/www.ehorses.es\/revista\/compra-de-caballos\/cuanto-cuesta-un-caballo\/\">\u00bfCu\u00e1nto cuesta un caballo?<\/a>\n\t\t\t\t\t\t\t\t\t\t\t\t\t\t\t\t\t\t\t<\/h3>\n\t\t\t\t\t\t\t\t<\/header>\n\t\t\t\t\t\t\n\t\t\t\t\t\t\n\t\t\t\t\t\t\t\n\t\t\t\t\t\t\t\t\t\t\t\t\t\t\t\t\t\t\t\t\t<\/div>\n\t\t\t\t\t<\/div>\n\t\t\t\t<\/article>\n\n\t\t\t\t\n\t\t\t\t\t<\/div>\n\t\t\t\t<\/div>\n\t\t\t\t\n\t\t\t\t<div class=\"swiper-container-horizontal\">\n\t\t\t\t\t\n\t\t\t\t<\/div>\n\t\t\t<\/div>\n\t\t\t\t<\/div>\n\t\t\t<\/div><div class=\"et_pb_module dsm_blog_carousel dsm_blog_carousel_1\">\n\t\t\t\t\n\t\t\t\t\n\t\t\t\t\n\t\t\t\t\n\t\t\t\t\n\t\t\t\t\n\t\t\t\t<div class=\"et_pb_module_inner\">\n\t\t\t\t\t<div class=\"dsm-blog-carousel\" data-orientation='horizontal' data-loop='1' data-speed='500' data-columnsdesktop='&#8220;1&#8243;' data-columnsphone='&#8220;1&#8243;' data-columnstablet='&#8220;1&#8243;' data-autoplay='&#8220;off&#8220;' data-autoplayspeed='5000' data-ordernumber='1' data-spacing='30' data-spacingtablet='30' data-spacingphone='30' data-effect='default' data-effect-shadows='off' data-effect-coverflow-rotate='30' data-effect-coverflow-depth='100' data-centered='off' data-multi-row='off' data-row='1' data-rowstablet='1' data-rowsphone='1' data-pagi-button-style='bullets' data-pause-on-hover='off' data-touch-move='off' data-grab='on' data-mousewheel='off' data-autoplay-viewport='80%'>\n\t\t\t\t<div class=\"swiper-container dsm_blog_carousel_wrapper\" dir=\"ltr\">\n\t\t\t\t\t<div class=\"dsm-blog-carousel-wrapper swiper-wrapper\">\n\t\t\t\t\t\t\n\t\t\t\t<article class=\"dsm-blog-carousel-item swiper-slide\">\n\t\t\t\t\t<div class=\"dsm-grid-post-holder-inner\">\n\t\t\t\t\t\t\t\t\t\t\t\t\t<div class=\"dsm-entry-image\">\n\t\t\t\t\t\t\t\t\t\t\t\t\t\t\t\t<div class=\"dsm-entry-thumbnail\">\n\t\t\t\t\t\t\t\t\t\t\t\t\t\t\t\t\t\t\t<a href=\"https:\/\/www.ehorses.es\/revista\/razas-de-caballos\/ponis-shetland\/\">\n\t\t\t\t\t\t\t\t\t\t\t\t\t\t\t\t\t\t<img width=\"1080\" height=\"675\" src=\"https:\/\/www.ehorses.es\/revista\/wp-content\/uploads\/2025\/04\/ponis-shetland-1080x675.webp\" class=\"skip-lazy wp-post-image\" alt=\"Ponis Shetland\" decoding=\"async\" loading=\"lazy\" srcset=\"https:\/\/www.ehorses.es\/revista\/wp-content\/uploads\/2025\/04\/ponis-shetland-1080x675.webp 1080w, https:\/\/www.ehorses.es\/revista\/wp-content\/uploads\/2025\/04\/ponis-shetland-980x572.webp 980w, https:\/\/www.ehorses.es\/revista\/wp-content\/uploads\/2025\/04\/ponis-shetland-480x280.webp 480w\" sizes=\"(min-width: 0px) and (max-width: 480px) 480px, (min-width: 481px) and (max-width: 980px) 980px, (min-width: 981px) 1080px, 100vw\" title=\"\">\t\t\t\t\t\t\t\t\t\t\t\t\t\t\t\t\t\t<\/a>\n\t\t\t\t\t\t\t\t\t\t\t\t\t\t\t\t\t<\/div>\n\t\t\t\t\t\t\t<\/div>\n\t\t\t\t\t\t\n\t\t\t\t\t\t<div class=\"dsm-entry-wrapper\">\n\t\t\t\t\t\t\t\t\t\t\t\t\t\t<header class=\"dsm-entry-header\">\n\t\t\t\t\t\t\t\t\t<h2 class=\"dsm-entry-title\">\n\t\t\t\t\t\t\t\t\t\t\t\t\t\t\t\t\t\t\t\t\t<a href=\"https:\/\/www.ehorses.es\/revista\/razas-de-caballos\/ponis-shetland\/\">Ponis Shetland<\/a>\n\t\t\t\t\t\t\t\t\t\t\t\t\t\t\t\t\t\t\t<\/h2>\n\t\t\t\t\t\t\t\t<\/header>\n\t\t\t\t\t\t\n\t\t\t\t\t\t\n\t\t\t\t\t\t\t\n\t\t\t\t\t\t\t\t\t\t\t\t\t\t\t\t\t\t\t\t\t<\/div>\n\t\t\t\t\t<\/div>\n\t\t\t\t<\/article>\n\n\t\t\t\t\n\t\t\t\t<article class=\"dsm-blog-carousel-item swiper-slide\">\n\t\t\t\t\t<div class=\"dsm-grid-post-holder-inner\">\n\t\t\t\t\t\t\t\t\t\t\t\t\t<div class=\"dsm-entry-image\">\n\t\t\t\t\t\t\t\t\t\t\t\t\t\t\t\t<div class=\"dsm-entry-thumbnail\">\n\t\t\t\t\t\t\t\t\t\t\t\t\t\t\t\t\t\t\t<a href=\"https:\/\/www.ehorses.es\/revista\/razas-de-caballos\/oldenburgo\/\">\n\t\t\t\t\t\t\t\t\t\t\t\t\t\t\t\t\t\t<img width=\"1080\" height=\"675\" src=\"https:\/\/www.ehorses.es\/revista\/wp-content\/uploads\/2025\/03\/oldenburgo-lateralmente-de-pie-1080x675.webp\" class=\"skip-lazy wp-post-image\" alt=\"Oldenburgo lateralmente de pie\" decoding=\"async\" loading=\"lazy\" srcset=\"https:\/\/www.ehorses.es\/revista\/wp-content\/uploads\/2025\/03\/oldenburgo-lateralmente-de-pie-1080x675.webp 1080w, https:\/\/www.ehorses.es\/revista\/wp-content\/uploads\/2025\/03\/oldenburgo-lateralmente-de-pie-980x572.webp 980w, https:\/\/www.ehorses.es\/revista\/wp-content\/uploads\/2025\/03\/oldenburgo-lateralmente-de-pie-480x280.webp 480w\" sizes=\"(min-width: 0px) and (max-width: 480px) 480px, (min-width: 481px) and (max-width: 980px) 980px, (min-width: 981px) 1080px, 100vw\" title=\"\">\t\t\t\t\t\t\t\t\t\t\t\t\t\t\t\t\t\t<\/a>\n\t\t\t\t\t\t\t\t\t\t\t\t\t\t\t\t\t<\/div>\n\t\t\t\t\t\t\t<\/div>\n\t\t\t\t\t\t\n\t\t\t\t\t\t<div class=\"dsm-entry-wrapper\">\n\t\t\t\t\t\t\t\t\t\t\t\t\t\t<header class=\"dsm-entry-header\">\n\t\t\t\t\t\t\t\t\t<h2 class=\"dsm-entry-title\">\n\t\t\t\t\t\t\t\t\t\t\t\t\t\t\t\t\t\t\t\t\t<a href=\"https:\/\/www.ehorses.es\/revista\/razas-de-caballos\/oldenburgo\/\">Oldenburgo<\/a>\n\t\t\t\t\t\t\t\t\t\t\t\t\t\t\t\t\t\t\t<\/h2>\n\t\t\t\t\t\t\t\t<\/header>\n\t\t\t\t\t\t\n\t\t\t\t\t\t\n\t\t\t\t\t\t\t\n\t\t\t\t\t\t\t\t\t\t\t\t\t\t\t\t\t\t\t\t\t<\/div>\n\t\t\t\t\t<\/div>\n\t\t\t\t<\/article>\n\n\t\t\t\t\n\t\t\t\t<article class=\"dsm-blog-carousel-item swiper-slide\">\n\t\t\t\t\t<div class=\"dsm-grid-post-holder-inner\">\n\t\t\t\t\t\t\t\t\t\t\t\t\t<div class=\"dsm-entry-image\">\n\t\t\t\t\t\t\t\t\t\t\t\t\t\t\t\t<div class=\"dsm-entry-thumbnail\">\n\t\t\t\t\t\t\t\t\t\t\t\t\t\t\t\t\t\t\t<a href=\"https:\/\/www.ehorses.es\/revista\/compra-de-caballos\/cuanto-cuesta-un-caballo\/\">\n\t\t\t\t\t\t\t\t\t\t\t\t\t\t\t\t\t\t<img width=\"1080\" height=\"675\" src=\"https:\/\/www.ehorses.es\/revista\/wp-content\/uploads\/2025\/04\/cuanto-cuesta-un-caballo-1080x675.jpg\" class=\"skip-lazy wp-post-image\" alt=\"\u00bfCu\u00e1nto cuesta un caballo?\" decoding=\"async\" loading=\"lazy\" srcset=\"https:\/\/www.ehorses.es\/revista\/wp-content\/uploads\/2025\/04\/cuanto-cuesta-un-caballo-1080x675.jpg 1080w, https:\/\/www.ehorses.es\/revista\/wp-content\/uploads\/2025\/04\/cuanto-cuesta-un-caballo-980x572.jpg 980w, https:\/\/www.ehorses.es\/revista\/wp-content\/uploads\/2025\/04\/cuanto-cuesta-un-caballo-480x280.jpg 480w\" sizes=\"(min-width: 0px) and (max-width: 480px) 480px, (min-width: 481px) and (max-width: 980px) 980px, (min-width: 981px) 1080px, 100vw\" title=\"\">\t\t\t\t\t\t\t\t\t\t\t\t\t\t\t\t\t\t<\/a>\n\t\t\t\t\t\t\t\t\t\t\t\t\t\t\t\t\t<\/div>\n\t\t\t\t\t\t\t<\/div>\n\t\t\t\t\t\t\n\t\t\t\t\t\t<div class=\"dsm-entry-wrapper\">\n\t\t\t\t\t\t\t\t\t\t\t\t\t\t<header class=\"dsm-entry-header\">\n\t\t\t\t\t\t\t\t\t<h2 class=\"dsm-entry-title\">\n\t\t\t\t\t\t\t\t\t\t\t\t\t\t\t\t\t\t\t\t\t<a href=\"https:\/\/www.ehorses.es\/revista\/compra-de-caballos\/cuanto-cuesta-un-caballo\/\">\u00bfCu\u00e1nto cuesta un caballo?<\/a>\n\t\t\t\t\t\t\t\t\t\t\t\t\t\t\t\t\t\t\t<\/h2>\n\t\t\t\t\t\t\t\t<\/header>\n\t\t\t\t\t\t\n\t\t\t\t\t\t\n\t\t\t\t\t\t\t\n\t\t\t\t\t\t\t\t\t\t\t\t\t\t\t\t\t\t\t\t\t<\/div>\n\t\t\t\t\t<\/div>\n\t\t\t\t<\/article>\n\n\t\t\t\t\n\t\t\t\t<article class=\"dsm-blog-carousel-item swiper-slide\">\n\t\t\t\t\t<div class=\"dsm-grid-post-holder-inner\">\n\t\t\t\t\t\t\t\t\t\t\t\t\t<div class=\"dsm-entry-image\">\n\t\t\t\t\t\t\t\t\t\t\t\t\t\t\t\t<div class=\"dsm-entry-thumbnail\">\n\t\t\t\t\t\t\t\t\t\t\t\t\t\t\t\t\t\t\t<a href=\"https:\/\/www.ehorses.es\/revista\/compra-de-caballos\/contrato-de-compraventa-de-caballos\/\">\n\t\t\t\t\t\t\t\t\t\t\t\t\t\t\t\t\t\t<img width=\"1080\" height=\"675\" src=\"https:\/\/www.ehorses.es\/revista\/wp-content\/uploads\/2025\/04\/contrato-de-compra-de-caballos-1080x675.jpg\" class=\"skip-lazy wp-post-image\" alt=\"Contrato de compraventa de caballos\" decoding=\"async\" loading=\"lazy\" srcset=\"https:\/\/www.ehorses.es\/revista\/wp-content\/uploads\/2025\/04\/contrato-de-compra-de-caballos-1080x675.jpg 1080w, https:\/\/www.ehorses.es\/revista\/wp-content\/uploads\/2025\/04\/contrato-de-compra-de-caballos-980x572.jpg 980w, https:\/\/www.ehorses.es\/revista\/wp-content\/uploads\/2025\/04\/contrato-de-compra-de-caballos-480x280.jpg 480w\" sizes=\"(min-width: 0px) and (max-width: 480px) 480px, (min-width: 481px) and (max-width: 980px) 980px, (min-width: 981px) 1080px, 100vw\" title=\"\">\t\t\t\t\t\t\t\t\t\t\t\t\t\t\t\t\t\t<\/a>\n\t\t\t\t\t\t\t\t\t\t\t\t\t\t\t\t\t<\/div>\n\t\t\t\t\t\t\t<\/div>\n\t\t\t\t\t\t\n\t\t\t\t\t\t<div class=\"dsm-entry-wrapper\">\n\t\t\t\t\t\t\t\t\t\t\t\t\t\t<header class=\"dsm-entry-header\">\n\t\t\t\t\t\t\t\t\t<h2 class=\"dsm-entry-title\">\n\t\t\t\t\t\t\t\t\t\t\t\t\t\t\t\t\t\t\t\t\t<a href=\"https:\/\/www.ehorses.es\/revista\/compra-de-caballos\/contrato-de-compraventa-de-caballos\/\">Contrato de compraventa de caballos<\/a>\n\t\t\t\t\t\t\t\t\t\t\t\t\t\t\t\t\t\t\t<\/h2>\n\t\t\t\t\t\t\t\t<\/header>\n\t\t\t\t\t\t\n\t\t\t\t\t\t\n\t\t\t\t\t\t\t\n\t\t\t\t\t\t\t\t\t\t\t\t\t\t\t\t\t\t\t\t\t<\/div>\n\t\t\t\t\t<\/div>\n\t\t\t\t<\/article>\n\n\t\t\t\t\n\t\t\t\t<article class=\"dsm-blog-carousel-item swiper-slide\">\n\t\t\t\t\t<div class=\"dsm-grid-post-holder-inner\">\n\t\t\t\t\t\t\t\t\t\t\t\t\t<div class=\"dsm-entry-image\">\n\t\t\t\t\t\t\t\t\t\t\t\t\t\t\t\t<div class=\"dsm-entry-thumbnail\">\n\t\t\t\t\t\t\t\t\t\t\t\t\t\t\t\t\t\t\t<a href=\"https:\/\/www.ehorses.es\/revista\/todo-sobre-caballos\/nombres-de-caballos-famosos\/\">\n\t\t\t\t\t\t\t\t\t\t\t\t\t\t\t\t\t\t<img width=\"1080\" height=\"675\" src=\"https:\/\/www.ehorses.es\/revista\/wp-content\/uploads\/2025\/04\/nombres-de-caballos-famosos-1080x675.jpg\" class=\"skip-lazy wp-post-image\" alt=\"Nombres de caballos famosos\" decoding=\"async\" loading=\"lazy\" srcset=\"https:\/\/www.ehorses.es\/revista\/wp-content\/uploads\/2025\/04\/nombres-de-caballos-famosos-1080x675.jpg 1080w, https:\/\/www.ehorses.es\/revista\/wp-content\/uploads\/2025\/04\/nombres-de-caballos-famosos-980x572.jpg 980w, https:\/\/www.ehorses.es\/revista\/wp-content\/uploads\/2025\/04\/nombres-de-caballos-famosos-480x280.jpg 480w\" sizes=\"(min-width: 0px) and (max-width: 480px) 480px, (min-width: 481px) and (max-width: 980px) 980px, (min-width: 981px) 1080px, 100vw\" title=\"\">\t\t\t\t\t\t\t\t\t\t\t\t\t\t\t\t\t\t<\/a>\n\t\t\t\t\t\t\t\t\t\t\t\t\t\t\t\t\t<\/div>\n\t\t\t\t\t\t\t<\/div>\n\t\t\t\t\t\t\n\t\t\t\t\t\t<div class=\"dsm-entry-wrapper\">\n\t\t\t\t\t\t\t\t\t\t\t\t\t\t<header class=\"dsm-entry-header\">\n\t\t\t\t\t\t\t\t\t<h2 class=\"dsm-entry-title\">\n\t\t\t\t\t\t\t\t\t\t\t\t\t\t\t\t\t\t\t\t\t<a href=\"https:\/\/www.ehorses.es\/revista\/todo-sobre-caballos\/nombres-de-caballos-famosos\/\">Nombres de caballos famosos<\/a>\n\t\t\t\t\t\t\t\t\t\t\t\t\t\t\t\t\t\t\t<\/h2>\n\t\t\t\t\t\t\t\t<\/header>\n\t\t\t\t\t\t\n\t\t\t\t\t\t\n\t\t\t\t\t\t\t\n\t\t\t\t\t\t\t\t\t\t\t\t\t\t\t\t\t\t\t\t\t<\/div>\n\t\t\t\t\t<\/div>\n\t\t\t\t<\/article>\n\n\t\t\t\t\n\t\t\t\t<article class=\"dsm-blog-carousel-item swiper-slide\">\n\t\t\t\t\t<div class=\"dsm-grid-post-holder-inner\">\n\t\t\t\t\t\t\t\t\t\t\t\t\t<div class=\"dsm-entry-image\">\n\t\t\t\t\t\t\t\t\t\t\t\t\t\t\t\t<div class=\"dsm-entry-thumbnail\">\n\t\t\t\t\t\t\t\t\t\t\t\t\t\t\t\t\t\t\t<a href=\"https:\/\/www.ehorses.es\/revista\/razas-de-caballos\/caballo-grande\/\">\n\t\t\t\t\t\t\t\t\t\t\t\t\t\t\t\t\t\t<img width=\"1080\" height=\"675\" src=\"https:\/\/www.ehorses.es\/revista\/wp-content\/uploads\/2025\/02\/clydesdale-grupo-1080x675.webp\" class=\"skip-lazy wp-post-image\" alt=\"Clydesdale grupo\" decoding=\"async\" loading=\"lazy\" srcset=\"https:\/\/www.ehorses.es\/revista\/wp-content\/uploads\/2025\/02\/clydesdale-grupo-1080x675.webp 1080w, https:\/\/www.ehorses.es\/revista\/wp-content\/uploads\/2025\/02\/clydesdale-grupo-980x572.webp 980w, https:\/\/www.ehorses.es\/revista\/wp-content\/uploads\/2025\/02\/clydesdale-grupo-480x280.webp 480w\" sizes=\"(min-width: 0px) and (max-width: 480px) 480px, (min-width: 481px) and (max-width: 980px) 980px, (min-width: 981px) 1080px, 100vw\" title=\"\">\t\t\t\t\t\t\t\t\t\t\t\t\t\t\t\t\t\t<\/a>\n\t\t\t\t\t\t\t\t\t\t\t\t\t\t\t\t\t<\/div>\n\t\t\t\t\t\t\t<\/div>\n\t\t\t\t\t\t\n\t\t\t\t\t\t<div class=\"dsm-entry-wrapper\">\n\t\t\t\t\t\t\t\t\t\t\t\t\t\t<header class=\"dsm-entry-header\">\n\t\t\t\t\t\t\t\t\t<h2 class=\"dsm-entry-title\">\n\t\t\t\t\t\t\t\t\t\t\t\t\t\t\t\t\t\t\t\t\t<a href=\"https:\/\/www.ehorses.es\/revista\/razas-de-caballos\/caballo-grande\/\">Caballo grande<\/a>\n\t\t\t\t\t\t\t\t\t\t\t\t\t\t\t\t\t\t\t<\/h2>\n\t\t\t\t\t\t\t\t<\/header>\n\t\t\t\t\t\t\n\t\t\t\t\t\t\n\t\t\t\t\t\t\t\n\t\t\t\t\t\t\t\t\t\t\t\t\t\t\t\t\t\t\t\t\t<\/div>\n\t\t\t\t\t<\/div>\n\t\t\t\t<\/article>\n\n\t\t\t\t\n\t\t\t\t<article class=\"dsm-blog-carousel-item swiper-slide\">\n\t\t\t\t\t<div class=\"dsm-grid-post-holder-inner\">\n\t\t\t\t\t\t\t\t\t\t\t\t\t<div class=\"dsm-entry-image\">\n\t\t\t\t\t\t\t\t\t\t\t\t\t\t\t\t<div class=\"dsm-entry-thumbnail\">\n\t\t\t\t\t\t\t\t\t\t\t\t\t\t\t\t\t\t\t<a href=\"https:\/\/www.ehorses.es\/revista\/razas-de-caballos\/pre\/\">\n\t\t\t\t\t\t\t\t\t\t\t\t\t\t\t\t\t\t<img width=\"1080\" height=\"675\" src=\"https:\/\/www.ehorses.es\/revista\/wp-content\/uploads\/2025\/03\/pre-al-galope-1080x675.webp\" class=\"skip-lazy wp-post-image\" alt=\"PRE al galope\" decoding=\"async\" loading=\"lazy\" srcset=\"https:\/\/www.ehorses.es\/revista\/wp-content\/uploads\/2025\/03\/pre-al-galope-1080x675.webp 1080w, https:\/\/www.ehorses.es\/revista\/wp-content\/uploads\/2025\/03\/pre-al-galope-980x572.webp 980w, https:\/\/www.ehorses.es\/revista\/wp-content\/uploads\/2025\/03\/pre-al-galope-480x280.webp 480w\" sizes=\"(min-width: 0px) and (max-width: 480px) 480px, (min-width: 481px) and (max-width: 980px) 980px, (min-width: 981px) 1080px, 100vw\" title=\"\">\t\t\t\t\t\t\t\t\t\t\t\t\t\t\t\t\t\t<\/a>\n\t\t\t\t\t\t\t\t\t\t\t\t\t\t\t\t\t<\/div>\n\t\t\t\t\t\t\t<\/div>\n\t\t\t\t\t\t\n\t\t\t\t\t\t<div class=\"dsm-entry-wrapper\">\n\t\t\t\t\t\t\t\t\t\t\t\t\t\t<header class=\"dsm-entry-header\">\n\t\t\t\t\t\t\t\t\t<h2 class=\"dsm-entry-title\">\n\t\t\t\t\t\t\t\t\t\t\t\t\t\t\t\t\t\t\t\t\t<a href=\"https:\/\/www.ehorses.es\/revista\/razas-de-caballos\/pre\/\">P.R.E.<\/a>\n\t\t\t\t\t\t\t\t\t\t\t\t\t\t\t\t\t\t\t<\/h2>\n\t\t\t\t\t\t\t\t<\/header>\n\t\t\t\t\t\t\n\t\t\t\t\t\t\n\t\t\t\t\t\t\t\n\t\t\t\t\t\t\t\t\t\t\t\t\t\t\t\t\t\t\t\t\t<\/div>\n\t\t\t\t\t<\/div>\n\t\t\t\t<\/article>\n\n\t\t\t\t\n\t\t\t\t<article class=\"dsm-blog-carousel-item swiper-slide\">\n\t\t\t\t\t<div class=\"dsm-grid-post-holder-inner\">\n\t\t\t\t\t\t\t\t\t\t\t\t\t<div class=\"dsm-entry-image\">\n\t\t\t\t\t\t\t\t\t\t\t\t\t\t\t\t<div class=\"dsm-entry-thumbnail\">\n\t\t\t\t\t\t\t\t\t\t\t\t\t\t\t\t\t\t\t<a href=\"https:\/\/www.ehorses.es\/revista\/razas-de-caballos\/sangre-fria-belga\/\">\n\t\t\t\t\t\t\t\t\t\t\t\t\t\t\t\t\t\t<img width=\"1080\" height=\"675\" src=\"https:\/\/www.ehorses.es\/revista\/wp-content\/uploads\/2025\/03\/sangre-fria-belga-de-perfil-pradera-1080x675.webp\" class=\"skip-lazy wp-post-image\" alt=\"Sangre fri\u00e1 belga de perfil pradera\" decoding=\"async\" loading=\"lazy\" srcset=\"https:\/\/www.ehorses.es\/revista\/wp-content\/uploads\/2025\/03\/sangre-fria-belga-de-perfil-pradera-1080x675.webp 1080w, https:\/\/www.ehorses.es\/revista\/wp-content\/uploads\/2025\/03\/sangre-fria-belga-de-perfil-pradera-980x572.webp 980w, https:\/\/www.ehorses.es\/revista\/wp-content\/uploads\/2025\/03\/sangre-fria-belga-de-perfil-pradera-480x280.webp 480w\" sizes=\"(min-width: 0px) and (max-width: 480px) 480px, (min-width: 481px) and (max-width: 980px) 980px, (min-width: 981px) 1080px, 100vw\" title=\"\">\t\t\t\t\t\t\t\t\t\t\t\t\t\t\t\t\t\t<\/a>\n\t\t\t\t\t\t\t\t\t\t\t\t\t\t\t\t\t<\/div>\n\t\t\t\t\t\t\t<\/div>\n\t\t\t\t\t\t\n\t\t\t\t\t\t<div class=\"dsm-entry-wrapper\">\n\t\t\t\t\t\t\t\t\t\t\t\t\t\t<header class=\"dsm-entry-header\">\n\t\t\t\t\t\t\t\t\t<h2 class=\"dsm-entry-title\">\n\t\t\t\t\t\t\t\t\t\t\t\t\t\t\t\t\t\t\t\t\t<a href=\"https:\/\/www.ehorses.es\/revista\/razas-de-caballos\/sangre-fria-belga\/\">Sangre fr\u00eda belga<\/a>\n\t\t\t\t\t\t\t\t\t\t\t\t\t\t\t\t\t\t\t<\/h2>\n\t\t\t\t\t\t\t\t<\/header>\n\t\t\t\t\t\t\n\t\t\t\t\t\t\n\t\t\t\t\t\t\t\n\t\t\t\t\t\t\t\t\t\t\t\t\t\t\t\t\t\t\t\t\t<\/div>\n\t\t\t\t\t<\/div>\n\t\t\t\t<\/article>\n\n\t\t\t\t\n\t\t\t\t<article class=\"dsm-blog-carousel-item swiper-slide\">\n\t\t\t\t\t<div class=\"dsm-grid-post-holder-inner\">\n\t\t\t\t\t\t\t\t\t\t\t\t\t<div class=\"dsm-entry-image\">\n\t\t\t\t\t\t\t\t\t\t\t\t\t\t\t\t<div class=\"dsm-entry-thumbnail\">\n\t\t\t\t\t\t\t\t\t\t\t\t\t\t\t\t\t\t\t<a href=\"https:\/\/www.ehorses.es\/revista\/razas-de-caballos\/caballo-curly\/\">\n\t\t\t\t\t\t\t\t\t\t\t\t\t\t\t\t\t\t<img width=\"1080\" height=\"675\" src=\"https:\/\/www.ehorses.es\/revista\/wp-content\/uploads\/2025\/03\/caballo-curly-en-pareja-1080x675.webp\" class=\"skip-lazy wp-post-image\" alt=\"Caballo Curly en pareja\" decoding=\"async\" loading=\"lazy\" srcset=\"https:\/\/www.ehorses.es\/revista\/wp-content\/uploads\/2025\/03\/caballo-curly-en-pareja-1080x675.webp 1080w, https:\/\/www.ehorses.es\/revista\/wp-content\/uploads\/2025\/03\/caballo-curly-en-pareja-980x572.webp 980w, https:\/\/www.ehorses.es\/revista\/wp-content\/uploads\/2025\/03\/caballo-curly-en-pareja-480x280.webp 480w\" sizes=\"(min-width: 0px) and (max-width: 480px) 480px, (min-width: 481px) and (max-width: 980px) 980px, (min-width: 981px) 1080px, 100vw\" title=\"\">\t\t\t\t\t\t\t\t\t\t\t\t\t\t\t\t\t\t<\/a>\n\t\t\t\t\t\t\t\t\t\t\t\t\t\t\t\t\t<\/div>\n\t\t\t\t\t\t\t<\/div>\n\t\t\t\t\t\t\n\t\t\t\t\t\t<div class=\"dsm-entry-wrapper\">\n\t\t\t\t\t\t\t\t\t\t\t\t\t\t<header class=\"dsm-entry-header\">\n\t\t\t\t\t\t\t\t\t<h2 class=\"dsm-entry-title\">\n\t\t\t\t\t\t\t\t\t\t\t\t\t\t\t\t\t\t\t\t\t<a href=\"https:\/\/www.ehorses.es\/revista\/razas-de-caballos\/caballo-curly\/\">Caballo Curly<\/a>\n\t\t\t\t\t\t\t\t\t\t\t\t\t\t\t\t\t\t\t<\/h2>\n\t\t\t\t\t\t\t\t<\/header>\n\t\t\t\t\t\t\n\t\t\t\t\t\t\n\t\t\t\t\t\t\t\n\t\t\t\t\t\t\t\t\t\t\t\t\t\t\t\t\t\t\t\t\t<\/div>\n\t\t\t\t\t<\/div>\n\t\t\t\t<\/article>\n\n\t\t\t\t\n\t\t\t\t<article class=\"dsm-blog-carousel-item swiper-slide\">\n\t\t\t\t\t<div class=\"dsm-grid-post-holder-inner\">\n\t\t\t\t\t\t\t\t\t\t\t\t\t<div class=\"dsm-entry-image\">\n\t\t\t\t\t\t\t\t\t\t\t\t\t\t\t\t<div class=\"dsm-entry-thumbnail\">\n\t\t\t\t\t\t\t\t\t\t\t\t\t\t\t\t\t\t\t<a href=\"https:\/\/www.ehorses.es\/revista\/razas-de-caballos\/caballo-de-holstein\/\">\n\t\t\t\t\t\t\t\t\t\t\t\t\t\t\t\t\t\t<img width=\"1080\" height=\"675\" src=\"https:\/\/www.ehorses.es\/revista\/wp-content\/uploads\/2025\/03\/caballo-de-holstein-en-el-camino-rural-1080x675.webp\" class=\"skip-lazy wp-post-image\" alt=\"Caballo de Holstein en el camino rural\" decoding=\"async\" loading=\"lazy\" srcset=\"https:\/\/www.ehorses.es\/revista\/wp-content\/uploads\/2025\/03\/caballo-de-holstein-en-el-camino-rural-1080x675.webp 1080w, https:\/\/www.ehorses.es\/revista\/wp-content\/uploads\/2025\/03\/caballo-de-holstein-en-el-camino-rural-980x572.webp 980w, https:\/\/www.ehorses.es\/revista\/wp-content\/uploads\/2025\/03\/caballo-de-holstein-en-el-camino-rural-480x280.webp 480w\" sizes=\"(min-width: 0px) and (max-width: 480px) 480px, (min-width: 481px) and (max-width: 980px) 980px, (min-width: 981px) 1080px, 100vw\" title=\"\">\t\t\t\t\t\t\t\t\t\t\t\t\t\t\t\t\t\t<\/a>\n\t\t\t\t\t\t\t\t\t\t\t\t\t\t\t\t\t<\/div>\n\t\t\t\t\t\t\t<\/div>\n\t\t\t\t\t\t\n\t\t\t\t\t\t<div class=\"dsm-entry-wrapper\">\n\t\t\t\t\t\t\t\t\t\t\t\t\t\t<header class=\"dsm-entry-header\">\n\t\t\t\t\t\t\t\t\t<h2 class=\"dsm-entry-title\">\n\t\t\t\t\t\t\t\t\t\t\t\t\t\t\t\t\t\t\t\t\t<a href=\"https:\/\/www.ehorses.es\/revista\/razas-de-caballos\/caballo-de-holstein\/\">Caballo de Holstein<\/a>\n\t\t\t\t\t\t\t\t\t\t\t\t\t\t\t\t\t\t\t<\/h2>\n\t\t\t\t\t\t\t\t<\/header>\n\t\t\t\t\t\t\n\t\t\t\t\t\t\n\t\t\t\t\t\t\t\n\t\t\t\t\t\t\t\t\t\t\t\t\t\t\t\t\t\t\t\t\t<\/div>\n\t\t\t\t\t<\/div>\n\t\t\t\t<\/article>\n\n\t\t\t\t\n\t\t\t\t\t<\/div>\n\t\t\t\t<\/div>\n\t\t\t\t\n\t\t\t\t<div class=\"swiper-container-horizontal\">\n\t\t\t\t\t\n\t\t\t\t<\/div>\n\t\t\t<\/div>\n\t\t\t\t<\/div>\n\t\t\t<\/div><\/p>\n","protected":false},"author":6,"featured_media":100882,"comment_status":"closed","ping_status":"closed","sticky":false,"template":"","format":"standard","meta":{"_et_pb_use_builder":"on","_et_pb_old_content":"","_et_gb_content_width":"","inline_featured_image":false,"footnotes":""},"categories":[18],"tags":[],"class_list":["post-100881","post","type-post","status-publish","format-standard","has-post-thumbnail","hentry","category-razas-de-caballos"],"_links":{"self":[{"href":"https:\/\/www.ehorses.es\/revista\/wp-json\/wp\/v2\/posts\/100881","targetHints":{"allow":["GET"]}}],"collection":[{"href":"https:\/\/www.ehorses.es\/revista\/wp-json\/wp\/v2\/posts"}],"about":[{"href":"https:\/\/www.ehorses.es\/revista\/wp-json\/wp\/v2\/types\/post"}],"author":[{"embeddable":true,"href":"https:\/\/www.ehorses.es\/revista\/wp-json\/wp\/v2\/users\/6"}],"replies":[{"embeddable":true,"href":"https:\/\/www.ehorses.es\/revista\/wp-json\/wp\/v2\/comments?post=100881"}],"version-history":[{"count":8,"href":"https:\/\/www.ehorses.es\/revista\/wp-json\/wp\/v2\/posts\/100881\/revisions"}],"predecessor-version":[{"id":101469,"href":"https:\/\/www.ehorses.es\/revista\/wp-json\/wp\/v2\/posts\/100881\/revisions\/101469"}],"wp:featuredmedia":[{"embeddable":true,"href":"https:\/\/www.ehorses.es\/revista\/wp-json\/wp\/v2\/media\/100882"}],"wp:attachment":[{"href":"https:\/\/www.ehorses.es\/revista\/wp-json\/wp\/v2\/media?parent=100881"}],"wp:term":[{"taxonomy":"category","embeddable":true,"href":"https:\/\/www.ehorses.es\/revista\/wp-json\/wp\/v2\/categories?post=100881"},{"taxonomy":"post_tag","embeddable":true,"href":"https:\/\/www.ehorses.es\/revista\/wp-json\/wp\/v2\/tags?post=100881"}],"curies":[{"name":"wp","href":"https:\/\/api.w.org\/{rel}","templated":true}]}}