{"id":100729,"date":"2025-03-05T08:15:36","date_gmt":"2025-03-05T07:15:36","guid":{"rendered":"https:\/\/ehorses-es.mhoptimize.de\/?p=100729"},"modified":"2025-03-27T13:35:05","modified_gmt":"2025-03-27T12:35:05","slug":"caballo-curly","status":"publish","type":"post","link":"https:\/\/www.ehorses.es\/revista\/razas-de-caballos\/caballo-curly\/","title":{"rendered":"Caballo Curly"},"content":{"rendered":"<p>[et_pb_section fb_built=&#8220;1&#8243; custom_padding_last_edited=&#8220;on|phone&#8220; _builder_version=&#8220;4.27.4&#8243; _module_preset=&#8220;default&#8220; background_enable_color=&#8220;off&#8220; custom_padding=&#8220;||30px||false|false&#8220; custom_padding_tablet=&#8220;&#8220; custom_padding_phone=&#8220;10px||30px||false|false&#8220; global_colors_info=&#8220;{}&#8220;][et_pb_row _builder_version=&#8220;4.27.4&#8243; _module_preset=&#8220;default&#8220; width=&#8220;90%&#8220; custom_padding=&#8220;||0px||false|false&#8220; global_module=&#8220;100232&#8243; saved_tabs=&#8220;all&#8220; global_colors_info=&#8220;{}&#8220;][et_pb_column type=&#8220;4_4&#8243; _builder_version=&#8220;4.27.4&#8243; _module_preset=&#8220;default&#8220; global_colors_info=&#8220;{}&#8220;][dsm_breadcrumbs home_text=&#8220;Revista&#8220; home_icon=&#8220;&#xf015;||fa||900&#8243; separator_icon=&#8220;&#xf054;||fa||900&#8243; _builder_version=&#8220;4.27.4&#8243; _module_preset=&#8220;default&#8220; items_text_color=&#8220;#242424&#8243; items_font_size=&#8220;14px&#8220; home_icon_text_color=&#8220;#242424&#8243; home_icon_font_size=&#8220;20px&#8220; separators_text_color=&#8220;#242424&#8243; separators_font_size=&#8220;14px&#8220; current_font=&#8220;|700|||||||&#8220; current_font_size=&#8220;14px&#8220; global_colors_info=&#8220;{}&#8220;][\/dsm_breadcrumbs][\/et_pb_column][\/et_pb_row][et_pb_row column_structure=&#8220;2_3,1_3&#8243; _builder_version=&#8220;4.27.4&#8243; _module_preset=&#8220;default&#8220; width=&#8220;90%&#8220; custom_padding=&#8220;||50px||false|false&#8220; global_colors_info=&#8220;{}&#8220;][et_pb_column type=&#8220;2_3&#8243; _builder_version=&#8220;4.27.4&#8243; _module_preset=&#8220;default&#8220; global_colors_info=&#8220;{}&#8220;][dsm_dual_heading before_text=&#8220;Caballo Curly: &#8220; middle_text=&#8220;Apariencia, car\u00e1cter, precio y m\u00e1s&#8220; heading_html_tag=&#8220;h1&#8243; _builder_version=&#8220;4.27.4&#8243; _module_preset=&#8220;default&#8220; header_line_height=&#8220;1.4em&#8220; before_text_color=&#8220;#C42026&#8243; middle_text_color=&#8220;#242424&#8243; custom_margin=&#8220;||15px||false|false&#8220; header_font_size_tablet=&#8220;&#8220; header_font_size_phone=&#8220;28px&#8220; header_font_size_last_edited=&#8220;on|phone&#8220; global_colors_info=&#8220;{}&#8220;][\/dsm_dual_heading][et_pb_text _builder_version=&#8220;4.27.4&#8243; _module_preset=&#8220;default&#8220; link_font=&#8220;||||on|||#C42026|&#8220; link_text_color=&#8220;#C42026&#8243; global_colors_info=&#8220;{}&#8220;]<strong>El Caballo Curly, cuyo nombre completo es American Bashkir Curly Horse, es una raza equina originaria de Am\u00e9rica del Norte. Su crianza se lleva a cabo principalmente en los Estados Unidos y Canad\u00e1, aunque tambi\u00e9n se encuentran criadores en pa\u00edses como Alemania. Este caballo debe su nombre a su caracter\u00edstica m\u00e1s distintiva y \u00fanica: el pelo ondulado o rizado de su pelaje y crin, algo que es exclusivo de esta raza. Este atributo f\u00edsico, controlado por un gen dominante conocido como el &#8222;gen Curly&#8220;, se manifiesta especialmente en su pelaje de invierno. Adem\u00e1s de su aspecto singular, el Caballo Curly destaca por su car\u00e1cter d\u00f3cil, amigable y su gran versatilidad.<\/strong>[\/et_pb_text][et_pb_blurb image=&#8220;https:\/\/www.ehorses.es\/revista\/wp-content\/uploads\/2025\/02\/Ellipse-11.svg&#8220; icon_placement=&#8220;left&#8220; image_icon_width=&#8220;130%&#8220; content_max_width=&#8220;90%&#8220; image_icon_width_tablet=&#8220;&#8220; image_icon_width_phone=&#8220;&#8220; image_icon_width_last_edited=&#8220;on|phone&#8220; _builder_version=&#8220;4.27.4&#8243; _dynamic_attributes=&#8220;content&#8220; _module_preset=&#8220;default&#8220; body_line_height=&#8220;1.4em&#8220; image_icon_custom_margin=&#8220;|||-15px|false|false&#8220; image_icon_custom_padding=&#8220;||||false|false&#8220; custom_margin=&#8220;||-45px||false|false&#8220; animation=&#8220;off&#8220; body_font_size_tablet=&#8220;&#8220; body_font_size_phone=&#8220;14px&#8220; body_font_size_last_edited=&#8220;on|phone&#8220; global_colors_info=&#8220;{}&#8220;]@ET-DC@eyJkeW5hbWljIjp0cnVlLCJjb250ZW50IjoicG9zdF9kYXRlIiwic2V0dGluZ3MiOnsiYmVmb3JlIjoiPGI+TWljaGVsbGUgQnJlaXRlbmZlbGQ8L2I+PGJyPiIsImFmdGVyIjoiIiwiZGF0ZV9mb3JtYXQiOiJkZWZhdWx0IiwiY3VzdG9tX2RhdGVfZm9ybWF0IjoiIn19@[\/et_pb_blurb][dsm_social_share_buttons dsm_view=&#8220;icon&#8220; dsm_shape=&#8220;circle&#8220; dsm_alignment=&#8220;right&#8220; dsm_column_gap=&#8220;0px&#8220; dsm_icon_size=&#8220;32px&#8220; dsm_color_type=&#8220;custom&#8220; dsm_custom_bg_color=&#8220;RGBA(255,255,255,0)&#8220; dsm_custom_color=&#8220;#242424&#8243; dsm_social_hover_animation=&#8220;dsm-grow&#8220; dsm_icon_size_tablet=&#8220;&#8220; dsm_icon_size_phone=&#8220;26px&#8220; dsm_icon_size_last_edited=&#8220;on|phone&#8220; _builder_version=&#8220;4.27.4&#8243; _module_preset=&#8220;default&#8220; custom_css_free_form=&#8220;||&#8220; global_colors_info=&#8220;{}&#8220;][dsm_social_share_buttons_child dsm_network=&#8220;whatsapp&#8220; _builder_version=&#8220;4.27.4&#8243; _module_preset=&#8220;default&#8220; global_colors_info=&#8220;{}&#8220; dsm_view=&#8220;icon&#8220; dsm_label=&#8220;on&#8220; dsm_social_hover_animation=&#8220;dsm-grow&#8220;][\/dsm_social_share_buttons_child][dsm_social_share_buttons_child dsm_color_type=&#8220;custom&#8220; _builder_version=&#8220;4.27.4&#8243; _module_preset=&#8220;default&#8220; global_colors_info=&#8220;{}&#8220; dsm_view=&#8220;icon&#8220; dsm_label=&#8220;on&#8220; dsm_social_hover_animation=&#8220;dsm-grow&#8220;][\/dsm_social_share_buttons_child][dsm_social_share_buttons_child dsm_network=&#8220;pinterest&#8220; _builder_version=&#8220;4.27.4&#8243; _module_preset=&#8220;default&#8220; global_colors_info=&#8220;{}&#8220; dsm_view=&#8220;icon&#8220; dsm_label=&#8220;on&#8220; dsm_social_hover_animation=&#8220;dsm-grow&#8220;][\/dsm_social_share_buttons_child][\/dsm_social_share_buttons][et_pb_image src=&#8220;@ET-DC@eyJkeW5hbWljIjp0cnVlLCJjb250ZW50IjoicG9zdF9mZWF0dXJlZF9pbWFnZSIsInNldHRpbmdzIjp7fX0=@&#8220; title_text=&#8220;Rectangle 16&#8243; _builder_version=&#8220;4.27.4&#8243; _dynamic_attributes=&#8220;src&#8220; _module_preset=&#8220;default&#8220; border_radii=&#8220;on|10px|10px|10px|10px&#8220; global_colors_info=&#8220;{}&#8220;][\/et_pb_image][pac_divi_table_of_contents title=&#8220;\u00cdndice&#8220; included_headings=&#8220;off|on|off|off|off|off&#8220; title_container_padding=&#8220;12px|23px|10px|23px|false|false&#8220; title_container_bg_color=&#8220;#ffffff&#8220; open_icon_color=&#8220;#242424&#8243; close_icon_color=&#8220;#242424&#8243; body_area_bg_color=&#8220;#ffffff&#8220; body_area_text_link_underline=&#8220;#C42026&#8243; body_area_text_link_underline_thickness=&#8220;2px&#8220; body_area_text_link_padding=&#8220;4px|0px|4px|0px|true|false&#8220; body_area_text_link_color_active=&#8220;#C42026&#8243; body_area_text_link_underline_active=&#8220;#C42026&#8243; _builder_version=&#8220;4.27.4&#8243; _module_preset=&#8220;default&#8220; title_font_font=&#8220;|600|||||||&#8220; title_text_color=&#8220;#242424&#8243; title_font_size=&#8220;18px&#8220; heading_all_font=&#8220;|600|||||||&#8220; border_radii=&#8220;on|15px|15px|15px|15px&#8220; border_width_all=&#8220;1px&#8220; border_color_all=&#8220;#d6d6d6&#8243; border_width_bottom_title_container=&#8220;1px&#8220; border_color_bottom_title_container=&#8220;#d6d6d6&#8243; global_module=&#8220;100399&#8243; saved_tabs=&#8220;all&#8220; global_colors_info=&#8220;{}&#8220;][\/pac_divi_table_of_contents][\/et_pb_column][et_pb_column type=&#8220;1_3&#8243; disabled_on=&#8220;on|on|off&#8220; _builder_version=&#8220;4.27.4&#8243; _module_preset=&#8220;default&#8220; global_colors_info=&#8220;{}&#8220;][et_pb_text _builder_version=&#8220;4.27.4&#8243; _module_preset=&#8220;default&#8220; text_font_size=&#8220;24px&#8220; custom_margin=&#8220;||10px||false|false&#8220; global_colors_info=&#8220;{}&#8220; global_module=&#8220;101433&#8243; theme_builder_area=&#8220;post_content&#8220;]<\/p>\n<p><strong>\u00daltimos art\u00edculos<\/strong><\/p>\n<p>[\/et_pb_text][dsm_blog_carousel posts_number=&#8220;1&#8243; include_categories=&#8220;all&#8220; thumbnail_img_type=&#8220;contain&#8220; use_excerpt=&#8220;off&#8220; use_date=&#8220;off&#8220; use_author=&#8220;off&#8220; columns=&#8220;1&#8243; autoplay=&#8220;off&#8220; use_pagi=&#8220;off&#8220; use_navi=&#8220;off&#8220; post_padding=&#8220;10px|10px|0px|10px|false|true&#8220; post_equal_height=&#8220;on&#8220; content_wrapper=&#8220;15px|10px|10px|10px|false|true&#8220; _builder_version=&#8220;4.27.4&#8243; _module_preset=&#8220;default&#8220; title_level=&#8220;h3&#8243; title_font=&#8220;||||||||&#8220; title_font_size=&#8220;16px&#8220; title_line_height=&#8220;1.6em&#8220; custom_readmore=&#8220;on&#8220; readmore_text_size=&#8220;15px&#8220; readmore_text_color=&#8220;#ffffff&#8220; readmore_bg_color=&#8220;#C42026&#8243; readmore_border_width=&#8220;0px&#8220; readmore_border_radius=&#8220;10px&#8220; readmore_use_icon=&#8220;off&#8220; readmore_alignment=&#8220;center&#8220; readmore_custom_padding=&#8220;6px|25px|6px|25px|true|true&#8220; custom_margin=&#8220;||10px||false|false&#8220; custom_padding=&#8220;10px|10px|10px|10px|true|true&#8220; border_radii_post_box=&#8220;on|10px|10px|10px|10px&#8220; border_radii_image=&#8220;on|10px|10px|10px|10px&#8220; box_shadow_style_post_box=&#8220;preset1&#8243; box_shadow_vertical_post_box=&#8220;0px&#8220; box_shadow_blur_post_box=&#8220;20px&#8220; box_shadow_color_post_box=&#8220;rgba(0,0,0,0.15)&#8220; global_colors_info=&#8220;{}&#8220; global_module=&#8220;101434&#8243; theme_builder_area=&#8220;post_content&#8220;][\/dsm_blog_carousel][dsm_blog_carousel posts_number=&#8220;1&#8243; include_categories=&#8220;18&#8243; thumbnail_img_type=&#8220;contain&#8220; use_excerpt=&#8220;off&#8220; use_date=&#8220;off&#8220; use_author=&#8220;off&#8220; columns=&#8220;1&#8243; autoplay=&#8220;off&#8220; use_pagi=&#8220;off&#8220; use_navi=&#8220;off&#8220; post_padding=&#8220;10px|10px|0px|10px|false|true&#8220; post_equal_height=&#8220;on&#8220; content_wrapper=&#8220;15px|10px|10px|10px|false|true&#8220; _builder_version=&#8220;4.27.4&#8243; _module_preset=&#8220;default&#8220; title_level=&#8220;h3&#8243; title_font=&#8220;||||||||&#8220; title_font_size=&#8220;16px&#8220; title_line_height=&#8220;1.6em&#8220; custom_readmore=&#8220;on&#8220; readmore_text_size=&#8220;15px&#8220; readmore_text_color=&#8220;#ffffff&#8220; readmore_bg_color=&#8220;#C42026&#8243; readmore_border_width=&#8220;0px&#8220; readmore_border_radius=&#8220;10px&#8220; readmore_use_icon=&#8220;off&#8220; readmore_alignment=&#8220;center&#8220; readmore_custom_padding=&#8220;6px|25px|6px|25px|true|true&#8220; custom_margin=&#8220;||10px||false|false&#8220; custom_padding=&#8220;10px|10px|10px|10px|true|true&#8220; border_radii_post_box=&#8220;on|10px|10px|10px|10px&#8220; border_radii_image=&#8220;on|10px|10px|10px|10px&#8220; box_shadow_style_post_box=&#8220;preset1&#8243; box_shadow_vertical_post_box=&#8220;0px&#8220; box_shadow_blur_post_box=&#8220;20px&#8220; box_shadow_color_post_box=&#8220;rgba(0,0,0,0.15)&#8220; global_colors_info=&#8220;{}&#8220; global_module=&#8220;101435&#8243; theme_builder_area=&#8220;post_content&#8220;][\/dsm_blog_carousel][et_pb_button button_url=&#8220;\/revista\/razas-de-caballos\/&#8220; button_text=&#8220;Todas las razas de caballos&#8220; button_alignment=&#8220;center&#8220; _builder_version=&#8220;4.27.4&#8243; _module_preset=&#8220;default&#8220; custom_button=&#8220;on&#8220; button_text_size=&#8220;16px&#8220; button_text_color=&#8220;#ffffff&#8220; button_bg_color=&#8220;#C42026&#8243; button_border_width=&#8220;2px&#8220; button_border_color=&#8220;#C42026&#8243; button_border_radius=&#8220;10px&#8220; button_use_icon=&#8220;off&#8220; custom_padding=&#8220;8px|20px|8px|20px|true|true&#8220; global_colors_info=&#8220;{}&#8220; transform_styles__hover_enabled=&#8220;on|hover&#8220; transform_scale__hover_enabled=&#8220;on|hover&#8220; transform_translate__hover_enabled=&#8220;on|desktop&#8220; transform_rotate__hover_enabled=&#8220;on|desktop&#8220; transform_skew__hover_enabled=&#8220;on|desktop&#8220; transform_origin__hover_enabled=&#8220;on|desktop&#8220; transform_scale__hover=&#8220;105%|105%&#8220; global_module=&#8220;101436&#8243; theme_builder_area=&#8220;post_content&#8220;][\/et_pb_button][et_pb_code _builder_version=&#8220;4.27.4&#8243; _module_preset=&#8220;default&#8220; global_colors_info=&#8220;{}&#8220; global_module=&#8220;101437&#8243; theme_builder_area=&#8220;post_content&#8220;]<\/p>\n<div id=\"ehorses.es_sky_1\"><\/div>\n<p>[\/et_pb_code][\/et_pb_column][\/et_pb_row][et_pb_row use_custom_gutter=&#8220;on&#8220; gutter_width=&#8220;1&#8243; _builder_version=&#8220;4.27.4&#8243; _module_preset=&#8220;default&#8220; width=&#8220;90%&#8220; custom_margin=&#8220;0px||35px||false|false&#8220; custom_padding=&#8220;20px|20px|20px|20px|true|true&#8220; border_radii=&#8220;on|10px|10px|10px|10px&#8220; box_shadow_style=&#8220;preset1&#8243; box_shadow_vertical=&#8220;0px&#8220; box_shadow_blur=&#8220;20px&#8220; box_shadow_color=&#8220;rgba(0,0,0,0.15)&#8220; global_colors_info=&#8220;{}&#8220;][et_pb_column type=&#8220;4_4&#8243; _builder_version=&#8220;4.27.4&#8243; _module_preset=&#8220;default&#8220; global_colors_info=&#8220;{}&#8220;][dsm_icon_list icon_color=&#8220;#FF4C4D&#8220; icon_gap_width=&#8220;1.6em&#8220; icon_font_size=&#8220;32px&#8220; _builder_version=&#8220;4.27.4&#8243; _module_preset=&#8220;default&#8220; custom_margin=&#8220;||15px||false|false&#8220; global_colors_info=&#8220;{}&#8220;][dsm_icon_list_child text=&#8220;\u00bfEl Caballo Curly es un pony?&#8220; font_icon=&#8220;&#xe060;||divi||400&#8243; icon_color=&#8220;#FF4C4D&#8220; icon_font_size=&#8220;24px&#8220; _builder_version=&#8220;4.27.4&#8243; _module_preset=&#8220;default&#8220; text_font=&#8220;|700|||||||&#8220; text_font_size=&#8220;18px&#8220; text_line_height=&#8220;1.4em&#8220; global_colors_info=&#8220;{}&#8220;]<\/p>\n<p>ddds<\/p>\n<p>[\/dsm_icon_list_child][\/dsm_icon_list][et_pb_text _builder_version=&#8220;4.27.4&#8243; _module_preset=&#8220;default&#8220; global_colors_info=&#8220;{}&#8220;]La clasificaci\u00f3n de un caballo como pony o no depende de su alzada a la cruz, m\u00e1s que de su raza. Generalmente, si un equino mide menos de 1,48 m, se clasifica como pony; si supera ese tama\u00f1o, se considera un caballo. Por lo tanto, es posible encontrar Caballos Curly clasificados como ponies.[\/et_pb_text][\/et_pb_column][\/et_pb_row][et_pb_row use_custom_gutter=&#8220;on&#8220; gutter_width=&#8220;1&#8243; _builder_version=&#8220;4.27.4&#8243; _module_preset=&#8220;default&#8220; width=&#8220;90%&#8220; custom_padding=&#8220;30px||55px||false|false&#8220; global_colors_info=&#8220;{}&#8220;][et_pb_column type=&#8220;4_4&#8243; _builder_version=&#8220;4.27.4&#8243; _module_preset=&#8220;default&#8220; global_colors_info=&#8220;{}&#8220;][et_pb_text _builder_version=&#8220;4.27.4&#8243; _module_preset=&#8220;default&#8220; header_2_line_height=&#8220;1.4em&#8220; custom_margin=&#8220;||25px||false|false&#8220; header_2_font_size_tablet=&#8220;&#8220; header_2_font_size_phone=&#8220;22px&#8220; header_2_font_size_last_edited=&#8220;on|phone&#8220; global_colors_info=&#8220;{}&#8220;]<\/p>\n<h2>Im\u00e1genes del Caballo Curly<\/h2>\n<p>[\/et_pb_text][dsm_image_carousel gallery_ids=&#8220;100732,100731,100733&#8243; lazyload=&#8220;on&#8220; slide_to_show=&#8220;3&#8243; autoplay=&#8220;off&#8220; arrow_prev=&#8220;on&#8220; arrow_prev_font_icon=&#8220;&#x44;||divi||400&#8243; arrow_next=&#8220;on&#8220; arrow_next_font_icon=&#8220;&#x45;||divi||400&#8243; arrow_color=&#8220;#242424&#8243; dots_active_color=&#8220;#242424&#8243; _builder_version=&#8220;4.27.4&#8243; _module_preset=&#8220;default&#8220; border_radii_image=&#8220;on|15px|15px|15px|15px&#8220; global_colors_info=&#8220;{}&#8220;][\/dsm_image_carousel][\/et_pb_column][\/et_pb_row][et_pb_row use_custom_gutter=&#8220;on&#8220; gutter_width=&#8220;1&#8243; _builder_version=&#8220;4.27.4&#8243; _module_preset=&#8220;default&#8220; width=&#8220;90%&#8220; custom_padding=&#8220;0px||55px||false|false&#8220; global_colors_info=&#8220;{}&#8220;][et_pb_column type=&#8220;4_4&#8243; _builder_version=&#8220;4.27.4&#8243; _module_preset=&#8220;default&#8220; global_colors_info=&#8220;{}&#8220;][et_pb_text _builder_version=&#8220;4.27.4&#8243; _module_preset=&#8220;default&#8220; header_2_line_height=&#8220;1.4em&#8220; header_2_font_size_tablet=&#8220;&#8220; header_2_font_size_phone=&#8220;22px&#8220; header_2_font_size_last_edited=&#8220;on|phone&#8220; global_colors_info=&#8220;{}&#8220;]<\/p>\n<h2>Origen e historia del Caballo Curly<\/h2>\n<p>[\/et_pb_text][et_pb_text _builder_version=&#8220;4.27.4&#8243; _module_preset=&#8220;default&#8220; link_font=&#8220;||||on|||#C42026|&#8220; link_text_color=&#8220;#C42026&#8243; custom_margin=&#8220;||25px||false|false&#8220; global_colors_info=&#8220;{}&#8220;]<\/p>\n<p>El Caballo Curly tiene su origen en la regi\u00f3n que ahora corresponde al estado de Nevada, Estados Unidos, aunque su linaje exacto no se ha podido rastrear con certeza. Se sabe que, a principios del siglo XIX, las tribus ind\u00edgenas Crow y Sioux ya pose\u00edan caballos con pelaje rizado, seg\u00fan registros hist\u00f3ricos que describen disputas por estos animales raros que viv\u00edan en manadas en libertad. En 1898, algunos ejemplares fueron capturados por primera vez para ser usados en la cr\u00eda, cuando el granjero Peter Damele, propietario de un rancho en Nevada, descubri\u00f3 esta peculiar raza. Desde entonces, Damele cruz\u00f3 los Curly salvajes con los caballos de su rancho, tambi\u00e9n utilizando sementales como el \u00e1rabe Nevada Red y el Morgan Ruby Red King. Estas cruzas produjeron caballos que heredaron tanto el caracter\u00edstico pelaje rizado como el temperamento amable y la robustez f\u00edsica de la raza.<\/p>\n<p>Debido a la incorporaci\u00f3n de diferentes cruces y la ausencia de una cr\u00eda completamente pura con ejemplares de la poblaci\u00f3n original, a lo largo de los a\u00f1os surgi\u00f3 una gran variedad de tipos de Caballo Curly. Sin embargo, todos comparten el rasgo caracter\u00edstico de tener pelaje rizado. Actualmente, muchos Caballos Curly descienden de la l\u00ednea de cr\u00eda establecida por la familia Damele en Nevada. Existe un registro oficial para la raza desde 1971, cuyas normas son tambi\u00e9n utilizadas por las asociaciones de criadores en Alemania.<\/p>\n<p>[\/et_pb_text][et_pb_text _builder_version=&#8220;4.27.4&#8243; _module_preset=&#8220;default&#8220; header_2_line_height=&#8220;1.4em&#8220; header_2_font_size_tablet=&#8220;&#8220; header_2_font_size_phone=&#8220;22px&#8220; header_2_font_size_last_edited=&#8220;on|phone&#8220; global_colors_info=&#8220;{}&#8220;]<\/p>\n<h3>Crianza moderna y cruces permitidos<\/h3>\n<p>[\/et_pb_text][et_pb_text ul_position=&#8220;inside&#8220; _builder_version=&#8220;4.27.4&#8243; _module_preset=&#8220;default&#8220; link_font=&#8220;||||on|||#C42026|&#8220; link_text_color=&#8220;#C42026&#8243; global_colors_info=&#8220;{}&#8220;]<\/p>\n<p>Hoy en d\u00eda, el Caballo Curly se cr\u00eda tanto en pureza de raza como permitiendo cruces con otras razas espec\u00edficas para lograr diferentes tipos de caballos. Entre estas razas se incluyen:<\/p>\n<ul>\n<li>Pura Sangre Ingl\u00e9s, Trotador y Warmblood para el tipo de caballo deportivo.<\/li>\n<li>Missouri Foxtrotter para el tipo de caballo de marcha.<\/li>\n<li>Pony de montar alem\u00e1n para el tipo pony.<\/li>\n<li>Pura Sangre \u00c1rabe para el tipo de ocio.<\/li>\n<li>Paint, Quarter Horse, Morgan, Mustang y Appaloosa para el tipo western.<\/li>\n<\/ul>\n<p>[\/et_pb_text][\/et_pb_column][\/et_pb_row][et_pb_row use_custom_gutter=&#8220;on&#8220; gutter_width=&#8220;1&#8243; _builder_version=&#8220;4.27.4&#8243; _module_preset=&#8220;default&#8220; width=&#8220;90%&#8220; custom_margin=&#8220;0px||35px||false|false&#8220; custom_padding=&#8220;20px|20px|20px|20px|true|true&#8220; border_radii=&#8220;on|10px|10px|10px|10px&#8220; box_shadow_style=&#8220;preset1&#8243; box_shadow_vertical=&#8220;0px&#8220; box_shadow_blur=&#8220;20px&#8220; box_shadow_color=&#8220;rgba(0,0,0,0.15)&#8220; global_colors_info=&#8220;{}&#8220;][et_pb_column type=&#8220;4_4&#8243; _builder_version=&#8220;4.27.4&#8243; _module_preset=&#8220;default&#8220; global_colors_info=&#8220;{}&#8220;][dsm_icon_list icon_color=&#8220;#FF4C4D&#8220; icon_gap_width=&#8220;1.6em&#8220; icon_font_size=&#8220;32px&#8220; _builder_version=&#8220;4.27.4&#8243; _module_preset=&#8220;default&#8220; custom_margin=&#8220;||15px||false|false&#8220; global_colors_info=&#8220;{}&#8220;][dsm_icon_list_child text=&#8220;\u00bfCu\u00e1nto mide un Caballo Curly?&#8220; font_icon=&#8220;&#xe060;||divi||400&#8243; icon_color=&#8220;#FF4C4D&#8220; icon_font_size=&#8220;24px&#8220; _builder_version=&#8220;4.27.4&#8243; _module_preset=&#8220;default&#8220; text_font=&#8220;|700|||||||&#8220; text_font_size=&#8220;18px&#8220; text_line_height=&#8220;1.4em&#8220; global_colors_info=&#8220;{}&#8220;]ddds[\/dsm_icon_list_child][\/dsm_icon_list][et_pb_text _builder_version=&#8220;4.27.4&#8243; _module_preset=&#8220;default&#8220; global_colors_info=&#8220;{}&#8220;]El Caballo Curly tiene una amplia variedad de tama\u00f1os. Generalmente, su alzada oscila entre 140 cm y 165 cm, lo que permite encontrar un ejemplar adecuado seg\u00fan la altura del jinete.[\/et_pb_text][\/et_pb_column][\/et_pb_row][et_pb_row use_custom_gutter=&#8220;on&#8220; gutter_width=&#8220;1&#8243; _builder_version=&#8220;4.27.4&#8243; _module_preset=&#8220;default&#8220; width=&#8220;90%&#8220; custom_padding=&#8220;30px||55px||false|false&#8220; global_colors_info=&#8220;{}&#8220;][et_pb_column type=&#8220;4_4&#8243; _builder_version=&#8220;4.27.4&#8243; _module_preset=&#8220;default&#8220; global_colors_info=&#8220;{}&#8220;][et_pb_text _builder_version=&#8220;4.27.4&#8243; _module_preset=&#8220;default&#8220; header_2_line_height=&#8220;1.4em&#8220; header_2_font_size_tablet=&#8220;&#8220; header_2_font_size_phone=&#8220;22px&#8220; header_2_font_size_last_edited=&#8220;on|phone&#8220; global_colors_info=&#8220;{}&#8220;]<\/p>\n<h2>Apariencia del Caballo Curly<\/h2>\n<p>[\/et_pb_text][et_pb_text _builder_version=&#8220;4.27.4&#8243; _module_preset=&#8220;default&#8220; link_font=&#8220;||||on||||&#8220; custom_margin=&#8220;||25px||false|false&#8220; global_colors_info=&#8220;{}&#8220;]<\/p>\n<p>El Caballo Curly tiene un rango de tama\u00f1o que var\u00eda entre 130 cm y 170 cm de alzada, dependiendo del tipo espec\u00edfico al que pertenezca. Los est\u00e1ndares de cr\u00eda buscan caballos bien proporcionados, con un aspecto armonioso y funcional para distintas disciplinas ecuestres. Su cabeza debe ser expresiva y con caracter\u00edsticas bien definidas, como ojos grandes, vivos y en forma de almendra, y orejas proporcionadas.<\/p>\n<p>El cuerpo debe ser atl\u00e9tico y adecuado tanto para montar como para enganchar. Se prefieren cuellos de longitud media, bien formados, con suficiente libertad en la garganta, y un dorso musculoso de longitud media. La cruz debe estar bien definida y la grupa debe ser ligeramente inclinada, larga y musculosa. Adem\u00e1s, el Caballo Curly presenta una cola de inserci\u00f3n equilibrada y una estructura corporal arm\u00f3nica.<\/p>\n<p>El pelaje del Caballo Curly es particularmente atractivo por su diversidad de colores. Se aceptan todos los colores de capa, incluyendo patrones como tobiano y tigrado. Las formas monocrom\u00e1ticas (negro, casta\u00f1o, gris y m\u00e1s) y combinaciones como los patrones de rayas en las extremidades tambi\u00e9n pueden encontrarse. Sin embargo, lo m\u00e1s destacado es siempre el pelo rizado, tanto en su cuerpo como en su crin y cola, que les da su aspecto \u00fanico.<\/p>\n<p>[\/et_pb_text][et_pb_text _builder_version=&#8220;4.27.4&#8243; _module_preset=&#8220;default&#8220; header_2_line_height=&#8220;1.4em&#8220; header_2_font_size_tablet=&#8220;&#8220; header_2_font_size_phone=&#8220;22px&#8220; header_2_font_size_last_edited=&#8220;on|phone&#8220; global_colors_info=&#8220;{}&#8220;]<\/p>\n<h3>El pelaje \u00fanico del Caballo Curly<\/h3>\n<p>[\/et_pb_text][et_pb_text _builder_version=&#8220;4.27.4&#8243; _module_preset=&#8220;default&#8220; link_font=&#8220;||||on||||&#8220; global_colors_info=&#8220;{}&#8220;]<\/p>\n<p>Durante el verano, el pelaje puede ser ondulado o incluso liso, mientras que en invierno el gen Curly se manifiesta completamente con rizos intensos y compactos, incluso en las orejas y las extremidades inferiores. La cola y la crin permanecen rizadas todo el a\u00f1o, aunque algunos ejemplares pierden parte de este pelo en primavera como parte del proceso natural de muda, para evitar enredos. En comparaci\u00f3n, los &#8222;straight Curly&#8220; tienen pelaje liso tanto en verano como en invierno, aunque su crin y cola pueden ser ligeramente onduladas.<\/p>\n<p>[\/et_pb_text][\/et_pb_column][\/et_pb_row][et_pb_row use_custom_gutter=&#8220;on&#8220; gutter_width=&#8220;1&#8243; _builder_version=&#8220;4.27.4&#8243; _module_preset=&#8220;default&#8220; width=&#8220;90%&#8220; custom_margin=&#8220;0px||35px||false|false&#8220; custom_padding=&#8220;20px|20px|20px|20px|true|true&#8220; border_radii=&#8220;on|10px|10px|10px|10px&#8220; box_shadow_style=&#8220;preset1&#8243; box_shadow_vertical=&#8220;0px&#8220; box_shadow_blur=&#8220;20px&#8220; box_shadow_color=&#8220;rgba(0,0,0,0.15)&#8220; global_colors_info=&#8220;{}&#8220;][et_pb_column type=&#8220;4_4&#8243; _builder_version=&#8220;4.27.4&#8243; _module_preset=&#8220;default&#8220; global_colors_info=&#8220;{}&#8220;][dsm_icon_list icon_color=&#8220;#FF4C4D&#8220; icon_gap_width=&#8220;1.6em&#8220; icon_font_size=&#8220;32px&#8220; _builder_version=&#8220;4.27.4&#8243; _module_preset=&#8220;default&#8220; custom_margin=&#8220;||15px||false|false&#8220; global_colors_info=&#8220;{}&#8220;][dsm_icon_list_child text=&#8220;\u00bfQu\u00e9 caballos son adecuados para personas al\u00e9rgicas?&#8220; font_icon=&#8220;&#xe060;||divi||400&#8243; icon_color=&#8220;#FF4C4D&#8220; icon_font_size=&#8220;24px&#8220; _builder_version=&#8220;4.27.4&#8243; _module_preset=&#8220;default&#8220; text_font=&#8220;|700|||||||&#8220; text_font_size=&#8220;18px&#8220; text_line_height=&#8220;1.4em&#8220; global_colors_info=&#8220;{}&#8220;]ddds[\/dsm_icon_list_child][\/dsm_icon_list][et_pb_text _builder_version=&#8220;4.27.4&#8243; _module_preset=&#8220;default&#8220; global_colors_info=&#8220;{}&#8220;]La idoneidad de un caballo para personas al\u00e9rgicas var\u00eda entre individuos, ya que la alergia se debe a las prote\u00ednas presentes en sus secreciones. Sin embargo, el Caballo Curly produce niveles m\u00e1s bajos de estas prote\u00ednas, lo que lo hace muy compatible para quienes sufren de alergias.[\/et_pb_text][\/et_pb_column][\/et_pb_row][et_pb_row use_custom_gutter=&#8220;on&#8220; gutter_width=&#8220;1&#8243; _builder_version=&#8220;4.27.4&#8243; _module_preset=&#8220;default&#8220; width=&#8220;90%&#8220; custom_padding=&#8220;30px||55px||false|false&#8220; global_colors_info=&#8220;{}&#8220;][et_pb_column type=&#8220;4_4&#8243; _builder_version=&#8220;4.27.4&#8243; _module_preset=&#8220;default&#8220; global_colors_info=&#8220;{}&#8220;][et_pb_text _builder_version=&#8220;4.27.4&#8243; _module_preset=&#8220;default&#8220; header_2_line_height=&#8220;1.4em&#8220; header_2_font_size_tablet=&#8220;&#8220; header_2_font_size_phone=&#8220;22px&#8220; header_2_font_size_last_edited=&#8220;on|phone&#8220; global_colors_info=&#8220;{}&#8220;]<\/p>\n<h2>Car\u00e1cter del Caballo Curly<\/h2>\n<p>[\/et_pb_text][et_pb_text ul_position=&#8220;inside&#8220; _builder_version=&#8220;4.27.4&#8243; _module_preset=&#8220;default&#8220; link_font=&#8220;||||on||||&#8220; global_colors_info=&#8220;{}&#8220;]El Caballo Curly es conocido por su naturaleza amigable hacia las personas, lo que lo convierte en un excelente candidato para terapias asistidas con caballos. Es un animal tranquilo, confiable y de car\u00e1cter d\u00f3cil. Su inteligencia y disposici\u00f3n natural para aprender hacen que sea f\u00e1cil de entrenar y trabajar, cualidades que tambi\u00e9n se reflejan en su voluntad de trabajar.[\/et_pb_text][\/et_pb_column][\/et_pb_row][et_pb_row use_custom_gutter=&#8220;on&#8220; gutter_width=&#8220;1&#8243; _builder_version=&#8220;4.27.4&#8243; _module_preset=&#8220;default&#8220; width=&#8220;90%&#8220; custom_padding=&#8220;30px||55px||false|false&#8220; global_colors_info=&#8220;{}&#8220;][et_pb_column type=&#8220;4_4&#8243; _builder_version=&#8220;4.27.4&#8243; _module_preset=&#8220;default&#8220; global_colors_info=&#8220;{}&#8220;][et_pb_text _builder_version=&#8220;4.27.4&#8243; _module_preset=&#8220;default&#8220; header_2_line_height=&#8220;1.4em&#8220; header_2_font_size_tablet=&#8220;&#8220; header_2_font_size_phone=&#8220;22px&#8220; header_2_font_size_last_edited=&#8220;on|phone&#8220; global_colors_info=&#8220;{}&#8220;]<\/p>\n<h2>Caracter\u00edsticas especiales de la raza<\/h2>\n<p>[\/et_pb_text][et_pb_text ul_position=&#8220;inside&#8220; _builder_version=&#8220;4.27.4&#8243; _module_preset=&#8220;default&#8220; link_font=&#8220;||||on||||&#8220; ul_line_height=&#8220;2.4em&#8220; global_colors_info=&#8220;{}&#8220;]<\/p>\n<p>Una de las caracter\u00edsticas m\u00e1s notables del Caballo Curly es su pelaje hipoalerg\u00e9nico, lo que lo convierte en una de las pocas razas adecuadas para personas con alergias al pelo de caballo. La sensibilidad a su pelaje es significativamente menor que con otras razas, permitiendo que los al\u00e9rgicos disfruten del contacto con estos caballos sin reacciones severas. Esta propiedad se aplica tanto a los ejemplares rizados como a los &#8222;straight Curly&#8220;.<\/p>\n<p>Otra particularidad de esta raza es su olor, que se asemeja m\u00e1s al de la lana de oveja que al t\u00edpico olor de un caballo. Adem\u00e1s, su pelaje es m\u00e1s suave al tacto, seca m\u00e1s r\u00e1pido cuando est\u00e1 mojado y posee un alto contenido de sebo.<\/p>\n<p>[\/et_pb_text][et_pb_image src=&#8220;https:\/\/www.ehorses.es\/revista\/wp-content\/uploads\/2025\/03\/caballo-curly-retrato.webp&#8220; alt=&#8220;Caballo Curly retrato&#8220; title_text=&#8220;Caballo Curly&#8220; align=&#8220;center&#8220; _builder_version=&#8220;4.27.4&#8243; _module_preset=&#8220;default&#8220; custom_margin=&#8220;50px||||false|false&#8220; border_radii=&#8220;on|15px|15px|15px|15px&#8220; global_colors_info=&#8220;{}&#8220;][\/et_pb_image][\/et_pb_column][\/et_pb_row][et_pb_row use_custom_gutter=&#8220;on&#8220; gutter_width=&#8220;1&#8243; _builder_version=&#8220;4.27.4&#8243; _module_preset=&#8220;default&#8220; width=&#8220;90%&#8220; custom_padding=&#8220;30px||55px||false|false&#8220; global_colors_info=&#8220;{}&#8220;][et_pb_column type=&#8220;4_4&#8243; _builder_version=&#8220;4.27.4&#8243; _module_preset=&#8220;default&#8220; global_colors_info=&#8220;{}&#8220;][et_pb_text _builder_version=&#8220;4.27.4&#8243; _module_preset=&#8220;default&#8220; header_2_line_height=&#8220;1.4em&#8220; header_2_font_size_tablet=&#8220;&#8220; header_2_font_size_phone=&#8220;22px&#8220; header_2_font_size_last_edited=&#8220;on|phone&#8220; global_colors_info=&#8220;{}&#8220;]<\/p>\n<h2>Usos del Caballo Curly<\/h2>\n<p>[\/et_pb_text][et_pb_text ul_position=&#8220;inside&#8220; _builder_version=&#8220;4.27.4&#8243; _module_preset=&#8220;default&#8220; link_font=&#8220;||||on||||&#8220; ul_line_height=&#8220;2.4em&#8220; global_colors_info=&#8220;{}&#8220;]<\/p>\n<p>El Caballo Curly es un aut\u00e9ntico todoterreno entre las razas equinas. Su versatilidad le permite desempe\u00f1arse en una variedad de disciplinas ecuestres, desde deportes hasta ocio. Algunos ejemplares son naturalmente aptos para movimientos como el &#8222;Tennessee Walk&#8220; y el &#8222;Paso&#8220;, ideales para el uso como caballos de marcha. Tambi\u00e9n existen variantes m\u00e1s orientadas al estilo western, similares a los caballos Quarter Horse.<\/p>\n<p>Adem\u00e1s, la raza es valorada en actividades como equinoterapia, trabajos de doma, equitaci\u00f3n cl\u00e1sica, y disciplinas como la equitaci\u00f3n funcional (Working Equitation). Su car\u00e1cter amable y disposici\u00f3n para colaborar lo convierten en un compa\u00f1ero ideal para cualquier actividad.<\/p>\n<p>[\/et_pb_text][\/et_pb_column][\/et_pb_row][et_pb_row use_custom_gutter=&#8220;on&#8220; gutter_width=&#8220;1&#8243; _builder_version=&#8220;4.27.4&#8243; _module_preset=&#8220;default&#8220; width=&#8220;90%&#8220; custom_margin=&#8220;0px||35px||false|false&#8220; custom_padding=&#8220;20px|20px|20px|20px|true|true&#8220; border_radii=&#8220;on|10px|10px|10px|10px&#8220; box_shadow_style=&#8220;preset1&#8243; box_shadow_vertical=&#8220;0px&#8220; box_shadow_blur=&#8220;20px&#8220; box_shadow_color=&#8220;rgba(0,0,0,0.15)&#8220; global_colors_info=&#8220;{}&#8220;][et_pb_column type=&#8220;4_4&#8243; _builder_version=&#8220;4.27.4&#8243; _module_preset=&#8220;default&#8220; global_colors_info=&#8220;{}&#8220;][dsm_icon_list icon_color=&#8220;#FF4C4D&#8220; icon_gap_width=&#8220;1.6em&#8220; icon_font_size=&#8220;32px&#8220; _builder_version=&#8220;4.27.4&#8243; _module_preset=&#8220;default&#8220; custom_margin=&#8220;||15px||false|false&#8220; global_colors_info=&#8220;{}&#8220;][dsm_icon_list_child text=&#8220;\u00bfCu\u00e1l es el precio de un Caballo Curly?&#8220; font_icon=&#8220;&#xe060;||divi||400&#8243; icon_color=&#8220;#FF4C4D&#8220; icon_font_size=&#8220;24px&#8220; _builder_version=&#8220;4.27.4&#8243; _module_preset=&#8220;default&#8220; text_font=&#8220;|700|||||||&#8220; text_font_size=&#8220;18px&#8220; text_line_height=&#8220;1.4em&#8220; global_colors_info=&#8220;{}&#8220;]ddds[\/dsm_icon_list_child][\/dsm_icon_list][et_pb_text _builder_version=&#8220;4.27.4&#8243; _module_preset=&#8220;default&#8220; global_colors_info=&#8220;{}&#8220;]El costo de un Caballo Curly puede variar ampliamente dependiendo de factores como su edad, nivel de entrenamiento y las caracter\u00edsticas espec\u00edficas de su pelaje. Su precio se encuentra generalmente en un rango de entre 4,000 \u20ac y 10,000 \u20ac. (Fuente: <a href=\"https:\/\/www.ehorses.es\/\">ehorses.es<\/a>)[\/et_pb_text][\/et_pb_column][\/et_pb_row][et_pb_row use_custom_gutter=&#8220;on&#8220; gutter_width=&#8220;1&#8243; _builder_version=&#8220;4.27.4&#8243; _module_preset=&#8220;default&#8220; width=&#8220;90%&#8220; custom_padding=&#8220;30px||55px||false|false&#8220; global_colors_info=&#8220;{}&#8220;][et_pb_column type=&#8220;4_4&#8243; _builder_version=&#8220;4.27.4&#8243; _module_preset=&#8220;default&#8220; global_colors_info=&#8220;{}&#8220;][et_pb_text _builder_version=&#8220;4.27.4&#8243; _module_preset=&#8220;default&#8220; header_2_line_height=&#8220;1.4em&#8220; header_2_font_size_tablet=&#8220;&#8220; header_2_font_size_phone=&#8220;22px&#8220; header_2_font_size_last_edited=&#8220;on|phone&#8220; global_colors_info=&#8220;{}&#8220;]<\/p>\n<h3>Salud y enfermedades gen\u00e9ticas<\/h3>\n<p>[\/et_pb_text][et_pb_text ul_position=&#8220;inside&#8220; _builder_version=&#8220;4.27.4&#8243; _module_preset=&#8220;default&#8220; link_font=&#8220;||||on||||&#8220; ul_line_height=&#8220;2.4em&#8220; custom_margin=&#8220;||25px||false|false&#8220; global_colors_info=&#8220;{}&#8220;]<\/p>\n<p>El Caballo Curly es una raza robusta y no presenta enfermedades gen\u00e9ticas recurrentes. Con el cuidado adecuado, suficiente ejercicio y una dieta balanceada, estos caballos pueden vivir durante muchos a\u00f1os saludables.<\/p>\n<p>[\/et_pb_text][et_pb_text _builder_version=&#8220;4.27.4&#8243; _module_preset=&#8220;default&#8220; header_2_line_height=&#8220;1.4em&#8220; header_2_font_size_tablet=&#8220;&#8220; header_2_font_size_phone=&#8220;22px&#8220; header_2_font_size_last_edited=&#8220;on|phone&#8220; global_colors_info=&#8220;{}&#8220;]<\/p>\n<h3>Ejemplares famosos de la raza<\/h3>\n<p>[\/et_pb_text][et_pb_text ul_position=&#8220;inside&#8220; _builder_version=&#8220;4.27.4&#8243; _module_preset=&#8220;default&#8220; link_font=&#8220;||||on||||&#8220; ul_line_height=&#8220;2.4em&#8220; global_colors_info=&#8220;{}&#8220;]La raza a\u00fan es relativamente desconocida en muchas partes del mundo, por lo que no existen ejemplares ampliamente famosos. Sin embargo, dentro de los c\u00edrculos de criadores y aficionados, los caballos m\u00e1s conocidos suelen ser los primeros ejemplares criados por la familia Damele, como Copper D, Dixie D, Dusty D y Peacock D.[\/et_pb_text][\/et_pb_column][\/et_pb_row][et_pb_row use_custom_gutter=&#8220;on&#8220; gutter_width=&#8220;1&#8243; _builder_version=&#8220;4.27.4&#8243; _module_preset=&#8220;default&#8220; width=&#8220;90%&#8220; custom_margin=&#8220;0px||35px||false|false&#8220; custom_padding=&#8220;20px|20px|20px|20px|true|true&#8220; border_radii=&#8220;on|10px|10px|10px|10px&#8220; box_shadow_style=&#8220;preset1&#8243; box_shadow_vertical=&#8220;0px&#8220; box_shadow_blur=&#8220;20px&#8220; box_shadow_color=&#8220;rgba(0,0,0,0.15)&#8220; global_colors_info=&#8220;{}&#8220;][et_pb_column type=&#8220;4_4&#8243; _builder_version=&#8220;4.27.4&#8243; _module_preset=&#8220;default&#8220; global_colors_info=&#8220;{}&#8220;][dsm_icon_list icon_color=&#8220;#FF4C4D&#8220; icon_gap_width=&#8220;1.6em&#8220; icon_font_size=&#8220;32px&#8220; _builder_version=&#8220;4.27.4&#8243; _module_preset=&#8220;default&#8220; custom_margin=&#8220;||15px||false|false&#8220; global_colors_info=&#8220;{}&#8220;][dsm_icon_list_child text=&#8220;\u00bfEst\u00e1s buscando el caballo de tus sue\u00f1os?&#8220; use_icon=&#8220;off&#8220; _builder_version=&#8220;4.27.4&#8243; _module_preset=&#8220;default&#8220; text_font=&#8220;|700|||||||&#8220; text_font_size=&#8220;18px&#8220; text_line_height=&#8220;1.4em&#8220; global_colors_info=&#8220;{}&#8220;]<\/p>\n<p>ddds<\/p>\n<p>[\/dsm_icon_list_child][\/dsm_icon_list][et_pb_text _builder_version=&#8220;4.27.4&#8243; _module_preset=&#8220;default&#8220; global_colors_info=&#8220;{}&#8220;]\u00a1Encu\u00e9ntralo ahora en ehorses, el mercado de caballos m\u00e1s grande del mundo![\/et_pb_text][et_pb_button button_url=&#8220;https:\/\/www.ehorses.es\/comprar-caballo\/caballo-curly.html&#8220; button_text=&#8220;Encontrar Caballo Curly&#8220; button_alignment=&#8220;left&#8220; _builder_version=&#8220;4.27.4&#8243; _module_preset=&#8220;default&#8220; custom_button=&#8220;on&#8220; button_text_size=&#8220;16px&#8220; button_text_color=&#8220;#ffffff&#8220; button_bg_color=&#8220;#C42026&#8243; button_border_width=&#8220;2px&#8220; button_border_color=&#8220;#C42026&#8243; button_border_radius=&#8220;10px&#8220; button_use_icon=&#8220;off&#8220; custom_margin=&#8220;20px||||false|false&#8220; custom_padding=&#8220;8px|20px|8px|20px|true|true&#8220; global_colors_info=&#8220;{}&#8220; transform_styles__hover_enabled=&#8220;on|hover&#8220; transform_scale__hover_enabled=&#8220;on|hover&#8220; transform_translate__hover_enabled=&#8220;on|desktop&#8220; transform_rotate__hover_enabled=&#8220;on|desktop&#8220; transform_skew__hover_enabled=&#8220;on|desktop&#8220; transform_origin__hover_enabled=&#8220;on|desktop&#8220; transform_scale__hover=&#8220;105%|105%&#8220;][\/et_pb_button][\/et_pb_column][\/et_pb_row][et_pb_row use_custom_gutter=&#8220;on&#8220; gutter_width=&#8220;1&#8243; _builder_version=&#8220;4.27.4&#8243; _module_preset=&#8220;default&#8220; width=&#8220;90%&#8220; custom_padding=&#8220;15px||55px||false|false&#8220; global_colors_info=&#8220;{}&#8220;][et_pb_column type=&#8220;4_4&#8243; _builder_version=&#8220;4.27.4&#8243; _module_preset=&#8220;default&#8220; global_colors_info=&#8220;{}&#8220;][et_pb_text _builder_version=&#8220;4.27.4&#8243; _module_preset=&#8220;default&#8220; header_2_line_height=&#8220;1.4em&#8220; custom_margin=&#8220;||10px||false|false&#8220; header_2_font_size_tablet=&#8220;&#8220; header_2_font_size_phone=&#8220;22px&#8220; header_2_font_size_last_edited=&#8220;on|phone&#8220; global_colors_info=&#8220;{}&#8220;]<\/p>\n<h2>Las preguntas m\u00e1s importantes de un vistazo<\/h2>\n<p>[\/et_pb_text][dsm_faq dsm_make_accordion_toggle=&#8220;on&#8220; dsm_open_faq_item=&#8220;on&#8220; dsm_enable_schema_markup=&#8220;on&#8220; dsm_close_bg_color=&#8220;RGBA(255,255,255,0)&#8220; dsm_open_font_icon=&#8220;&#x43;||divi||400&#8243; dsm_close_font_icon=&#8220;&#x45;||divi||400&#8243; dsm_close_icon_color=&#8220;#C42026&#8243; dsm_animate_icon=&#8220;on&#8220; _builder_version=&#8220;4.27.4&#8243; _module_preset=&#8220;default&#8220; header_level=&#8220;h2&#8243; header_font_size=&#8220;16px&#8220; header_line_height=&#8220;1.5em&#8220; border_radii_dsm_toggle_open_border=&#8220;on|10px|10px|10px|10px&#8220; border_radii_dsm_toggle_closed_border=&#8220;on|10px|10px|10px|10px&#8220; global_colors_info=&#8220;{}&#8220;][dsm_faq_child dsm_title=&#8220;\u00bfEl Caballo Curly es un pony?&#8220; dsm_content=&#8220;La clasificaci\u00f3n de un caballo como pony o no depende de su alzada a la cruz, m\u00e1s que de su raza. Generalmente, si un equino mide menos de 1,48 m, se clasifica como pony; si supera ese tama\u00f1o, se considera un caballo. Por lo tanto, es posible encontrar Caballos Curly clasificados como ponies.&#8220; _builder_version=&#8220;4.27.4&#8243; _module_preset=&#8220;default&#8220; global_colors_info=&#8220;{}&#8220; parentOrderClass=&#8220;dsm_faq_1&#8243;][\/dsm_faq_child][dsm_faq_child dsm_title=&#8220;\u00bfCu\u00e1nto mide un Caballo Curly?&#8220; dsm_content=&#8220;El Caballo Curly tiene una amplia variedad de tama\u00f1os. Generalmente, su alzada oscila entre 140 cm y 165 cm, lo que permite encontrar un ejemplar adecuado seg\u00fan la altura del jinete.&#8220; _builder_version=&#8220;4.27.4&#8243; _module_preset=&#8220;default&#8220; global_colors_info=&#8220;{}&#8220; parentOrderClass=&#8220;dsm_faq_1&#8243;][\/dsm_faq_child][dsm_faq_child dsm_title=&#8220;\u00bfQu\u00e9 caballos son adecuados para personas al\u00e9rgicas?&#8220; dsm_content=&#8220;La idoneidad de un caballo para personas al\u00e9rgicas var\u00eda entre individuos, ya que la alergia se debe a las prote\u00ednas presentes en sus secreciones. Sin embargo, el Caballo Curly produce niveles m\u00e1s bajos de estas prote\u00ednas, lo que lo hace muy compatible para quienes sufren de alergias.&#8220; _builder_version=&#8220;4.27.4&#8243; _module_preset=&#8220;default&#8220; global_colors_info=&#8220;{}&#8220; parentOrderClass=&#8220;dsm_faq_1&#8243;][\/dsm_faq_child][\/dsm_faq][\/et_pb_column][\/et_pb_row][\/et_pb_section][et_pb_section fb_built=&#8220;1&#8243; admin_label=&#8220;section&#8220; _builder_version=&#8220;4.27.4&#8243; _module_preset=&#8220;default&#8220; background_color=&#8220;#ffffff&#8220; custom_padding=&#8220;50px||20px||false|false&#8220; top_divider_height=&#8220;200px&#8220; global_module=&#8220;100333&#8243; saved_tabs=&#8220;all&#8220; global_colors_info=&#8220;{}&#8220;][et_pb_row admin_label=&#8220;row&#8220; _builder_version=&#8220;4.16&#8243; background_size=&#8220;initial&#8220; background_position=&#8220;top_left&#8220; background_repeat=&#8220;repeat&#8220; global_colors_info=&#8220;{}&#8220;][et_pb_column type=&#8220;4_4&#8243; _builder_version=&#8220;4.16&#8243; custom_padding=&#8220;|||&#8220; global_colors_info=&#8220;{}&#8220; custom_padding__hover=&#8220;|||&#8220;][et_pb_text _builder_version=&#8220;4.27.4&#8243; _module_preset=&#8220;default&#8220; header_2_line_height=&#8220;1.4em&#8220; custom_margin=&#8220;||10px||false|false&#8220; header_2_font_size_tablet=&#8220;&#8220; header_2_font_size_phone=&#8220;22px&#8220; header_2_font_size_last_edited=&#8220;on|phone&#8220; global_colors_info=&#8220;{}&#8220;]<\/p>\n<h2>Art\u00edculos m\u00e1s populares<\/h2>\n<p>[\/et_pb_text][dsm_blog_carousel include_categories=&#8220;18&#8243; lazyload=&#8220;on&#8220; thumbnail_img_type=&#8220;contain&#8220; use_excerpt=&#8220;off&#8220; use_date=&#8220;off&#8220; use_author=&#8220;off&#8220; autoplay=&#8220;off&#8220; pagi_active_color=&#8220;#F0FAF5&#8243; left_navi_position=&#8220;-30px&#8220; right_navi_position=&#8220;-30px&#8220; prev_icon=&#8220;&#x44;||divi||400&#8243; next_icon=&#8220;&#x45;||divi||400&#8243; post_padding=&#8220;10px|10px|0px|10px|false|true&#8220; post_equal_height=&#8220;on&#8220; _builder_version=&#8220;4.27.4&#8243; _module_preset=&#8220;default&#8220; title_level=&#8220;h3&#8243; title_font=&#8220;||||||||&#8220; title_line_height=&#8220;1.6em&#8220; custom_readmore=&#8220;on&#8220; readmore_text_size=&#8220;15px&#8220; readmore_text_color=&#8220;#ffffff&#8220; readmore_bg_color=&#8220;#C42026&#8243; readmore_border_width=&#8220;0px&#8220; readmore_border_radius=&#8220;10px&#8220; readmore_use_icon=&#8220;off&#8220; readmore_alignment=&#8220;center&#8220; readmore_custom_padding=&#8220;6px|25px|6px|25px|true|true&#8220; custom_padding=&#8220;10px|10px|10px|10px|true|true&#8220; border_radii_post_box=&#8220;on|10px|10px|10px|10px&#8220; border_radii_image=&#8220;on|10px|10px|10px|10px&#8220; box_shadow_style_post_box=&#8220;preset1&#8243; box_shadow_vertical_post_box=&#8220;0px&#8220; box_shadow_blur_post_box=&#8220;20px&#8220; box_shadow_color_post_box=&#8220;rgba(0,0,0,0.15)&#8220; global_colors_info=&#8220;{}&#8220;][\/dsm_blog_carousel][\/et_pb_column][\/et_pb_row][\/et_pb_section][et_pb_section fb_built=&#8220;1&#8243; prev_background_color=&#8220;#ffffff&#8220; disabled_on=&#8220;on|on|on&#8220; admin_label=&#8220;section&#8220; _builder_version=&#8220;4.27.4&#8243; _module_preset=&#8220;default&#8220; background_color=&#8220;#C42026&#8243; custom_padding=&#8220;5px||100px||false|false&#8220; top_divider_style=&#8220;curve&#8220; top_divider_height=&#8220;200px&#8220; disabled=&#8220;on&#8220; global_module=&#8220;100213&#8243; saved_tabs=&#8220;all&#8220; global_colors_info=&#8220;{}&#8220;][et_pb_row admin_label=&#8220;row&#8220; _builder_version=&#8220;4.16&#8243; background_size=&#8220;initial&#8220; background_position=&#8220;top_left&#8220; background_repeat=&#8220;repeat&#8220; custom_padding=&#8220;0px|||||&#8220; global_colors_info=&#8220;{}&#8220;][et_pb_column type=&#8220;4_4&#8243; _builder_version=&#8220;4.16&#8243; custom_padding=&#8220;|||&#8220; global_colors_info=&#8220;{}&#8220; custom_padding__hover=&#8220;|||&#8220;][et_pb_text _builder_version=&#8220;4.27.4&#8243; _module_preset=&#8220;default&#8220; header_2_line_height=&#8220;1.4em&#8220; custom_margin=&#8220;||10px||false|false&#8220; header_2_font_size_tablet=&#8220;&#8220; header_2_font_size_phone=&#8220;22px&#8220; header_2_font_size_last_edited=&#8220;on|phone&#8220; global_colors_info=&#8220;{}&#8220;]<\/p>\n<h2 style=\"text-align: center;\">Nuevos caballos en ehorses<\/h2>\n<p>[\/et_pb_text][dsm_blog_carousel include_categories=&#8220;18&#8243; lazyload=&#8220;on&#8220; thumbnail_img_type=&#8220;contain&#8220; use_excerpt=&#8220;off&#8220; use_date=&#8220;off&#8220; use_author=&#8220;off&#8220; autoplay=&#8220;off&#8220; pagi_active_color=&#8220;#F0FAF5&#8243; left_navi_position=&#8220;-30px&#8220; right_navi_position=&#8220;-30px&#8220; prev_icon=&#8220;&#x44;||divi||400&#8243; next_icon=&#8220;&#x45;||divi||400&#8243; post_padding=&#8220;10px|10px|0px|10px|false|true&#8220; post_equal_height=&#8220;on&#8220; _builder_version=&#8220;4.27.4&#8243; _module_preset=&#8220;default&#8220; title_level=&#8220;h3&#8243; title_font=&#8220;||||||||&#8220; title_line_height=&#8220;1.6em&#8220; custom_readmore=&#8220;on&#8220; readmore_text_size=&#8220;15px&#8220; readmore_text_color=&#8220;#ffffff&#8220; readmore_bg_color=&#8220;#C42026&#8243; readmore_border_width=&#8220;0px&#8220; readmore_border_radius=&#8220;10px&#8220; readmore_use_icon=&#8220;off&#8220; readmore_alignment=&#8220;center&#8220; readmore_custom_padding=&#8220;6px|25px|6px|25px|true|true&#8220; max_width=&#8220;200%&#8220; custom_margin=&#8220;||14px||false|false&#8220; custom_padding=&#8220;10px|10px|10px|10px|true|true&#8220; border_radii_post_box=&#8220;on|10px|10px|10px|10px&#8220; border_radii_image=&#8220;on|10px|10px|10px|10px&#8220; box_shadow_style_post_box=&#8220;preset1&#8243; box_shadow_vertical_post_box=&#8220;0px&#8220; box_shadow_blur_post_box=&#8220;20px&#8220; box_shadow_color_post_box=&#8220;rgba(0,0,0,0.15)&#8220; global_colors_info=&#8220;{}&#8220;][\/dsm_blog_carousel][\/et_pb_column][\/et_pb_row][et_pb_row _builder_version=&#8220;4.27.4&#8243; _module_preset=&#8220;default&#8220; global_colors_info=&#8220;{}&#8220;][et_pb_column type=&#8220;4_4&#8243; _builder_version=&#8220;4.27.4&#8243; _module_preset=&#8220;default&#8220; global_colors_info=&#8220;{}&#8220;][et_pb_button button_url=&#8220;https:\/\/www.ehorses.es\/caballos-para-la-venta&#8220; url_new_window=&#8220;on&#8220; button_text=&#8220;Mercado de caballos&#8220; button_alignment=&#8220;center&#8220; _builder_version=&#8220;4.27.4&#8243; _module_preset=&#8220;default&#8220; custom_button=&#8220;on&#8220; button_text_color=&#8220;#ffffff&#8220; button_border_color=&#8220;#ffffff&#8220; button_border_radius=&#8220;10px&#8220; button_use_icon=&#8220;off&#8220; background_layout=&#8220;dark&#8220; global_colors_info=&#8220;{}&#8220;][\/et_pb_button][\/et_pb_column][\/et_pb_row][\/et_pb_section]<\/p>\n","protected":false},"excerpt":{"rendered":"<p><div class=\"et_pb_module dsm_breadcrumbs dsm_breadcrumbs_0\">\n\t\t\t\t\n\t\t\t\t\n\t\t\t\t\n\t\t\t\t\n\t\t\t\t\n\t\t\t\t\n\t\t\t\t<div class=\"et_pb_module_inner\">\n\t\t\t\t\t<nav class=\"dsm_breadcrumbs_wrap\">\n\t\t\t\t<ul class=\"dsm_breadcrumbs\" itemscope itemtype=\"https:\/\/schema.org\/BreadcrumbList\">\t\t\t<li class=\"dsm_breadcrumbs_item dsm_home_item dsm_home_item_custom\" itemprop=\"itemListElement\" itemscope\n\t\t\titemtype=\"https:\/\/schema.org\/ListItem\">\n\t\t\t\t<a href=\"https:\/\/www.ehorses.es\/revista\" itemprop=\"item\" target=\"\">\n\t\t\t\t\t<span class='dsm_home_text_wrapper'>\n\t\t\t\t\t\t\t\t\t\t\t\t\t<span class=\"et-pb-icon dsm_home_icon\">&#xf015;<\/span>\n\t\t\t\t\t\t\t\t\t\t\t\t\t<span class=\"dsm_home_text\" itemprop=\"name\">\n\t\t\t\t\t\t\t\tRevista\t\t\t\t\t\t\t<\/span>\n\t\t\t\t\t<\/span>\n\t\t\t\t<\/a>\n\t\t\t\t<meta itemprop=\"position\" content=\"1\" \/>\n\t\t\t<\/li>\n\n\t\t<li class=\"dsm_breadcrumbs_separator\"> <span class=\"et-pb-icon dsm_separator_icon\">&#xf054;<\/span><\/li><\/ul>\n\t\t\t<\/nav>\n\t\t\t\t<\/div>\n\t\t\t<\/div><div class=\"et_pb_module dsm_dual_heading dsm_dual_heading_0  et_pb_bg_layout_light\">\n\t\t\t\t\n\t\t\t\t\n\t\t\t\t\n\t\t\t\t\n\t\t\t\t\n\t\t\t\t\n\t\t\t\t<div class=\"et_pb_module_inner\">\n\t\t\t\t\t<h1 class=\"dsm-dual-heading-main et_pb_module_header\"><span class=\"dsm-dual-heading-before\">Caballo Curly: <\/span><span class=\"dsm-dual-heading-middle\">Apariencia, car\u00e1cter, precio y m\u00e1s<\/span><\/h1>\n\t\t\t\t<\/div>\n\t\t\t<\/div>El Caballo Curly, cuyo nombre completo es American Bashkir Curly Horse, es una raza equina originaria de Am\u00e9rica del Norte. Su crianza se lleva a cabo principalmente en los Estados Unidos y Canad\u00e1, aunque tambi\u00e9n se encuentran criadores en pa\u00edses como Alemania. Este caballo debe su nombre a su caracter\u00edstica m\u00e1s distintiva y \u00fanica: el pelo ondulado o rizado de su pelaje y crin, algo que es exclusivo de esta raza. Este atributo f\u00edsico, controlado por un gen dominante conocido como el &#8222;gen Curly&#8220;, se manifiesta especialmente en su pelaje de invierno. Adem\u00e1s de su aspecto singular, el Caballo Curly destaca por su car\u00e1cter d\u00f3cil, amigable y su gran versatilidad.<div class=\"et_pb_module dsm_social_share_buttons dsm_social_share_buttons_0\">\n\t\t\t\t\n\t\t\t\t\n\t\t\t\t\n\t\t\t\t\n\t\t\t\t\n\t\t\t\t\n\t\t\t\t<div class=\"et_pb_module_inner\">\n\t\t\t\t\t<div class=\"dsm-social-share-buttons-container dsm-gradient dsm-icon\">\n\t\t\t\t<div class=\"dsm-social-share-button-wrapper dsm_social_share_buttons_child_0\">\n\t\t\t\t\n\t\t\t            <div class=\"dsm-social-share-button-inner-wrapper dsm-whatsapp dsm_social_share_buttons_child_0 dsm-grow\" data-share_url=\"https:\/\/api.whatsapp.com\/send?text=\">\n\t\t\t\t\t\t    \n\t\t\t\t\t\t\t\n\t\t\t\t            <div class=\"dsm-social-share-button-icon\">\n\t\t\t\t\t\t\t<span class=\"dsm_icon et-pb-icon\">\uf232<\/span>\t\t\t\t\t\t    <\/div>\n\t\t\t\t\t\t    \n\t\t\t\t\t\t<\/div>\n\t\t\t   \n\t\t\t <\/div>\n\t\t\t<div class=\"dsm-social-share-button-wrapper dsm_social_share_buttons_child_1\">\n\t\t\t\t\n\t\t\t\t\t<div class=\"dsm-social-share-button-inner-wrapper dsm-facebook dsm_social_share_buttons_child_1 dsm-grow\" data-share_url=\"https:\/\/www.facebook.com\/sharer\/sharer.php?u=\">\n\t\t\t\t\t\t\t\n\t\t\t\t\t\t\t<div class=\"dsm-social-share-button-icon\">\n\t\t\t\t\t\t\t\t<span class=\"dsm_icon et-pb-icon\">\uf09a<\/span>\n\t\t\t\t\t\t\t<\/div>\n\t\t\t\t\t\t\t\n\t\t\t\t\t<\/div>\n\t\t\t   \n\t\t\t <\/div>\n\t\t\t<div class=\"dsm-social-share-button-wrapper dsm_social_share_buttons_child_2\">\n\t\t\t\t\n\t\t\t            <div class=\"dsm-social-share-button-inner-wrapper dsm-pinterest dsm_social_share_buttons_child_2 dsm-grow\" data-share_url=\"https:\/\/www.pinterest.com\/pin\/create\/button\/?url=&media=\">\n\t\t\t\t\t\t    \n\t\t\t\t\t\t\t\n\t\t\t                <div class=\"dsm-social-share-button-icon\">\n\t\t\t\t\t\t\t<span class=\"dsm_icon et-pb-icon\">\uf0d2<\/span>\t\t\t\t\t\t    <\/div>\n\t\t\t\t\t\t\t\n\t\t\t\t\t\t<\/div>\n\t\t\t   \n\t\t\t <\/div>\n\t\t\t\n\t\t\t<\/div>\n\t\t\t\n\t\t\t\t<\/div>\n\t\t\t<\/div><div class=\"et_pb_with_border et_pb_module pac_divi_table_of_contents pac_divi_table_of_contents_0\">\n\t\t\t\t\n\t\t\t\t\n\t\t\t\t\n\t\t\t\t\n\t\t\t\t\n\t\t\t\t\n\t\t\t\t<div class=\"et_pb_module_inner\">\n\t\t\t\t\t\n        <div class=\"pac_dtoc_main_container\"\n        data-allow_collapse_minimize=\"on\"\n        data-allow_collapse_minimize_tablet=\"on\"\n        data-allow_collapse_minimize_phone=\"on\"\n        data-ss=\"2000\"\n        data-sah=\"100\"\n        data-collapse_when_sticky=\"off\"\n        data-collapse_when_sticky_tablet=\"off\"\n        data-collapse_when_sticky_phone=\"off\"\n        data-skh=\"off\"\n        data-mtocai=\"off\"\n        data-mtocai_tablet=\"off\"\n        data-mtocai_phone=\"off\"\n        data-alh=\"off\"\n        data-ds=\"open\"\n        data-dst=\"open\"\n        data-dsp=\"open\">\n            <div class=\"pac_dtoc_title_area click_on click_tablet_on click_phone_on\">\n                <div role=\"heading\" aria-level=\"2\" id=\"pac_dtocm_title\" class=\"pac_dtoc_title\">&#8220;\u00cdndice&#8220;<\/div>\n                \n                <div class=\"pac_dtoc_icon_responsive\">\n                    <div class=\"pac_dtoc_opened_icon\">2<\/div>\n                    <div class=\"pac_dtoc_closed_icon\">3<\/div>\n                <\/div>\n                \n            <\/div>\n            <div role=\"navigation\" aria-labelledby=\"pac_dtocm_title\" class=\"pac_dtoc_body_area inside\">\n                \n                <div class='divi_table_of_contents' role=\"tree\" ><\/div>\n            <\/div>\n        <\/div>\n        \n\t\t\t\t<\/div>\n\t\t\t<\/div><\/p>\n","protected":false},"author":6,"featured_media":100730,"comment_status":"closed","ping_status":"closed","sticky":false,"template":"","format":"standard","meta":{"_et_pb_use_builder":"on","_et_pb_old_content":"","_et_gb_content_width":"","inline_featured_image":false,"footnotes":""},"categories":[18],"tags":[],"class_list":["post-100729","post","type-post","status-publish","format-standard","has-post-thumbnail","hentry","category-razas-de-caballos"],"_links":{"self":[{"href":"https:\/\/www.ehorses.es\/revista\/wp-json\/wp\/v2\/posts\/100729","targetHints":{"allow":["GET"]}}],"collection":[{"href":"https:\/\/www.ehorses.es\/revista\/wp-json\/wp\/v2\/posts"}],"about":[{"href":"https:\/\/www.ehorses.es\/revista\/wp-json\/wp\/v2\/types\/post"}],"author":[{"embeddable":true,"href":"https:\/\/www.ehorses.es\/revista\/wp-json\/wp\/v2\/users\/6"}],"replies":[{"embeddable":true,"href":"https:\/\/www.ehorses.es\/revista\/wp-json\/wp\/v2\/comments?post=100729"}],"version-history":[{"count":9,"href":"https:\/\/www.ehorses.es\/revista\/wp-json\/wp\/v2\/posts\/100729\/revisions"}],"predecessor-version":[{"id":101442,"href":"https:\/\/www.ehorses.es\/revista\/wp-json\/wp\/v2\/posts\/100729\/revisions\/101442"}],"wp:featuredmedia":[{"embeddable":true,"href":"https:\/\/www.ehorses.es\/revista\/wp-json\/wp\/v2\/media\/100730"}],"wp:attachment":[{"href":"https:\/\/www.ehorses.es\/revista\/wp-json\/wp\/v2\/media?parent=100729"}],"wp:term":[{"taxonomy":"category","embeddable":true,"href":"https:\/\/www.ehorses.es\/revista\/wp-json\/wp\/v2\/categories?post=100729"},{"taxonomy":"post_tag","embeddable":true,"href":"https:\/\/www.ehorses.es\/revista\/wp-json\/wp\/v2\/tags?post=100729"}],"curies":[{"name":"wp","href":"https:\/\/api.w.org\/{rel}","templated":true}]}}