{"id":100643,"date":"2025-03-05T07:45:50","date_gmt":"2025-03-05T06:45:50","guid":{"rendered":"https:\/\/ehorses-es.mhoptimize.de\/?p=100643"},"modified":"2025-03-27T14:48:04","modified_gmt":"2025-03-27T13:48:04","slug":"ardenner","status":"publish","type":"post","link":"https:\/\/www.ehorses.es\/revista\/razas-de-caballos\/ardenner\/","title":{"rendered":"Ardenner"},"content":{"rendered":"<p>[et_pb_section fb_built=&#8220;1&#8243; custom_padding_last_edited=&#8220;on|phone&#8220; _builder_version=&#8220;4.27.4&#8243; _module_preset=&#8220;default&#8220; background_enable_color=&#8220;off&#8220; custom_padding=&#8220;||30px||false|false&#8220; custom_padding_tablet=&#8220;&#8220; custom_padding_phone=&#8220;10px||30px||false|false&#8220; global_colors_info=&#8220;{}&#8220;][et_pb_row _builder_version=&#8220;4.27.4&#8243; _module_preset=&#8220;default&#8220; width=&#8220;90%&#8220; custom_padding=&#8220;||0px||false|false&#8220; global_module=&#8220;100232&#8243; saved_tabs=&#8220;all&#8220; global_colors_info=&#8220;{}&#8220;][et_pb_column type=&#8220;4_4&#8243; _builder_version=&#8220;4.27.4&#8243; _module_preset=&#8220;default&#8220; global_colors_info=&#8220;{}&#8220;][dsm_breadcrumbs home_text=&#8220;Revista&#8220; home_icon=&#8220;&#xf015;||fa||900&#8243; separator_icon=&#8220;&#xf054;||fa||900&#8243; _builder_version=&#8220;4.27.4&#8243; _module_preset=&#8220;default&#8220; items_text_color=&#8220;#242424&#8243; items_font_size=&#8220;14px&#8220; home_icon_text_color=&#8220;#242424&#8243; home_icon_font_size=&#8220;20px&#8220; separators_text_color=&#8220;#242424&#8243; separators_font_size=&#8220;14px&#8220; current_font=&#8220;|700|||||||&#8220; current_font_size=&#8220;14px&#8220; global_colors_info=&#8220;{}&#8220;][\/dsm_breadcrumbs][\/et_pb_column][\/et_pb_row][et_pb_row column_structure=&#8220;2_3,1_3&#8243; _builder_version=&#8220;4.27.4&#8243; _module_preset=&#8220;default&#8220; width=&#8220;90%&#8220; custom_padding=&#8220;||50px||false|false&#8220; global_colors_info=&#8220;{}&#8220;][et_pb_column type=&#8220;2_3&#8243; _builder_version=&#8220;4.27.4&#8243; _module_preset=&#8220;default&#8220; global_colors_info=&#8220;{}&#8220;][dsm_dual_heading before_text=&#8220;Ardenner: &#8220; middle_text=&#8220;Apariencia, car\u00e1cter, precio y m\u00e1s&#8220; heading_html_tag=&#8220;h1&#8243; _builder_version=&#8220;4.27.4&#8243; _module_preset=&#8220;default&#8220; header_line_height=&#8220;1.4em&#8220; before_text_color=&#8220;#C42026&#8243; middle_text_color=&#8220;#242424&#8243; custom_margin=&#8220;||15px||false|false&#8220; header_font_size_tablet=&#8220;&#8220; header_font_size_phone=&#8220;28px&#8220; header_font_size_last_edited=&#8220;on|phone&#8220; global_colors_info=&#8220;{}&#8220;][\/dsm_dual_heading][et_pb_text _builder_version=&#8220;4.27.4&#8243; _module_preset=&#8220;default&#8220; link_font=&#8220;||||on|||#C42026|&#8220; link_text_color=&#8220;#C42026&#8243; hover_enabled=&#8220;0&#8243; global_colors_info=&#8220;{}&#8220; sticky_enabled=&#8220;0&#8243;]<strong>El Ardenner es una de las razas de tiro m\u00e1s imponentes del mundo, originaria de las monta\u00f1as de las Ardenas, y puede alcanzar hasta una tonelada de peso, combinando fuerza con agilidad sorprendente. Hoy en d\u00eda, su cr\u00eda es limitada y se concentra principalmente en Francia, B\u00e9lgica, Luxemburgo y Suecia.<\/p>\n<p><\/strong>[\/et_pb_text][et_pb_blurb image=&#8220;https:\/\/www.ehorses.es\/revista\/wp-content\/uploads\/2025\/02\/Ellipse-11.svg&#8220; icon_placement=&#8220;left&#8220; image_icon_width=&#8220;130%&#8220; content_max_width=&#8220;90%&#8220; image_icon_width_tablet=&#8220;&#8220; image_icon_width_phone=&#8220;&#8220; image_icon_width_last_edited=&#8220;on|phone&#8220; _builder_version=&#8220;4.27.4&#8243; _dynamic_attributes=&#8220;content&#8220; _module_preset=&#8220;default&#8220; body_line_height=&#8220;1.4em&#8220; image_icon_custom_margin=&#8220;|||-15px|false|false&#8220; image_icon_custom_padding=&#8220;||||false|false&#8220; custom_margin=&#8220;||-45px||false|false&#8220; animation=&#8220;off&#8220; body_font_size_tablet=&#8220;&#8220; body_font_size_phone=&#8220;14px&#8220; body_font_size_last_edited=&#8220;on|phone&#8220; global_colors_info=&#8220;{}&#8220;]@ET-DC@eyJkeW5hbWljIjp0cnVlLCJjb250ZW50IjoicG9zdF9kYXRlIiwic2V0dGluZ3MiOnsiYmVmb3JlIjoiPGI+TWljaGVsbGUgQnJlaXRlbmZlbGQ8L2I+PGJyPiIsImFmdGVyIjoiIiwiZGF0ZV9mb3JtYXQiOiJkZWZhdWx0IiwiY3VzdG9tX2RhdGVfZm9ybWF0IjoiIn19@[\/et_pb_blurb][dsm_social_share_buttons dsm_view=&#8220;icon&#8220; dsm_shape=&#8220;circle&#8220; dsm_alignment=&#8220;right&#8220; dsm_column_gap=&#8220;0px&#8220; dsm_icon_size=&#8220;32px&#8220; dsm_color_type=&#8220;custom&#8220; dsm_custom_bg_color=&#8220;RGBA(255,255,255,0)&#8220; dsm_custom_color=&#8220;#242424&#8243; dsm_social_hover_animation=&#8220;dsm-grow&#8220; dsm_icon_size_tablet=&#8220;&#8220; dsm_icon_size_phone=&#8220;26px&#8220; dsm_icon_size_last_edited=&#8220;on|phone&#8220; _builder_version=&#8220;4.27.4&#8243; _module_preset=&#8220;default&#8220; custom_css_free_form=&#8220;||&#8220; global_colors_info=&#8220;{}&#8220;][dsm_social_share_buttons_child dsm_network=&#8220;whatsapp&#8220; _builder_version=&#8220;4.27.4&#8243; _module_preset=&#8220;default&#8220; global_colors_info=&#8220;{}&#8220; dsm_view=&#8220;icon&#8220; dsm_label=&#8220;on&#8220; dsm_social_hover_animation=&#8220;dsm-grow&#8220;][\/dsm_social_share_buttons_child][dsm_social_share_buttons_child dsm_color_type=&#8220;custom&#8220; _builder_version=&#8220;4.27.4&#8243; _module_preset=&#8220;default&#8220; global_colors_info=&#8220;{}&#8220; dsm_view=&#8220;icon&#8220; dsm_label=&#8220;on&#8220; dsm_social_hover_animation=&#8220;dsm-grow&#8220;][\/dsm_social_share_buttons_child][dsm_social_share_buttons_child dsm_network=&#8220;pinterest&#8220; _builder_version=&#8220;4.27.4&#8243; _module_preset=&#8220;default&#8220; global_colors_info=&#8220;{}&#8220; dsm_view=&#8220;icon&#8220; dsm_label=&#8220;on&#8220; dsm_social_hover_animation=&#8220;dsm-grow&#8220;][\/dsm_social_share_buttons_child][\/dsm_social_share_buttons][et_pb_image src=&#8220;@ET-DC@eyJkeW5hbWljIjp0cnVlLCJjb250ZW50IjoicG9zdF9mZWF0dXJlZF9pbWFnZSIsInNldHRpbmdzIjp7fX0=@&#8220; title_text=&#8220;Rectangle 16&#8243; _builder_version=&#8220;4.27.4&#8243; _dynamic_attributes=&#8220;src&#8220; _module_preset=&#8220;default&#8220; border_radii=&#8220;on|10px|10px|10px|10px&#8220; global_colors_info=&#8220;{}&#8220;][\/et_pb_image][pac_divi_table_of_contents title=&#8220;\u00cdndice&#8220; included_headings=&#8220;off|on|off|off|off|off&#8220; title_container_padding=&#8220;12px|23px|10px|23px|false|false&#8220; title_container_bg_color=&#8220;#ffffff&#8220; open_icon_color=&#8220;#242424&#8243; close_icon_color=&#8220;#242424&#8243; body_area_bg_color=&#8220;#ffffff&#8220; body_area_text_link_underline=&#8220;#C42026&#8243; body_area_text_link_underline_thickness=&#8220;2px&#8220; body_area_text_link_padding=&#8220;4px|0px|4px|0px|true|false&#8220; body_area_text_link_color_active=&#8220;#C42026&#8243; body_area_text_link_underline_active=&#8220;#C42026&#8243; _builder_version=&#8220;4.27.4&#8243; _module_preset=&#8220;default&#8220; title_font_font=&#8220;|600|||||||&#8220; title_text_color=&#8220;#242424&#8243; title_font_size=&#8220;18px&#8220; heading_all_font=&#8220;|600|||||||&#8220; border_radii=&#8220;on|15px|15px|15px|15px&#8220; border_width_all=&#8220;1px&#8220; border_color_all=&#8220;#d6d6d6&#8243; border_width_bottom_title_container=&#8220;1px&#8220; border_color_bottom_title_container=&#8220;#d6d6d6&#8243; global_module=&#8220;100399&#8243; saved_tabs=&#8220;all&#8220; global_colors_info=&#8220;{}&#8220;][\/pac_divi_table_of_contents][\/et_pb_column][et_pb_column type=&#8220;1_3&#8243; disabled_on=&#8220;on|on|off&#8220; _builder_version=&#8220;4.27.4&#8243; _module_preset=&#8220;default&#8220; global_colors_info=&#8220;{}&#8220;][et_pb_text _builder_version=&#8220;4.27.4&#8243; _module_preset=&#8220;default&#8220; text_font_size=&#8220;24px&#8220; custom_margin=&#8220;||10px||false|false&#8220; global_colors_info=&#8220;{}&#8220; global_module=&#8220;101433&#8243; theme_builder_area=&#8220;post_content&#8220;]<\/p>\n<p><strong>\u00daltimos art\u00edculos<\/strong><\/p>\n<p>[\/et_pb_text][dsm_blog_carousel posts_number=&#8220;1&#8243; include_categories=&#8220;all&#8220; thumbnail_img_type=&#8220;contain&#8220; use_excerpt=&#8220;off&#8220; use_date=&#8220;off&#8220; use_author=&#8220;off&#8220; columns=&#8220;1&#8243; autoplay=&#8220;off&#8220; use_pagi=&#8220;off&#8220; use_navi=&#8220;off&#8220; post_padding=&#8220;10px|10px|0px|10px|false|true&#8220; post_equal_height=&#8220;on&#8220; content_wrapper=&#8220;15px|10px|10px|10px|false|true&#8220; _builder_version=&#8220;4.27.4&#8243; _module_preset=&#8220;default&#8220; title_level=&#8220;h3&#8243; title_font=&#8220;||||||||&#8220; title_font_size=&#8220;16px&#8220; title_line_height=&#8220;1.6em&#8220; custom_readmore=&#8220;on&#8220; readmore_text_size=&#8220;15px&#8220; readmore_text_color=&#8220;#ffffff&#8220; readmore_bg_color=&#8220;#C42026&#8243; readmore_border_width=&#8220;0px&#8220; readmore_border_radius=&#8220;10px&#8220; readmore_use_icon=&#8220;off&#8220; readmore_alignment=&#8220;center&#8220; readmore_custom_padding=&#8220;6px|25px|6px|25px|true|true&#8220; custom_margin=&#8220;||10px||false|false&#8220; custom_padding=&#8220;10px|10px|10px|10px|true|true&#8220; border_radii_post_box=&#8220;on|10px|10px|10px|10px&#8220; border_radii_image=&#8220;on|10px|10px|10px|10px&#8220; box_shadow_style_post_box=&#8220;preset1&#8243; box_shadow_vertical_post_box=&#8220;0px&#8220; box_shadow_blur_post_box=&#8220;20px&#8220; box_shadow_color_post_box=&#8220;rgba(0,0,0,0.15)&#8220; global_colors_info=&#8220;{}&#8220; global_module=&#8220;101434&#8243; theme_builder_area=&#8220;post_content&#8220;][\/dsm_blog_carousel][dsm_blog_carousel posts_number=&#8220;1&#8243; include_categories=&#8220;18&#8243; thumbnail_img_type=&#8220;contain&#8220; use_excerpt=&#8220;off&#8220; use_date=&#8220;off&#8220; use_author=&#8220;off&#8220; columns=&#8220;1&#8243; autoplay=&#8220;off&#8220; use_pagi=&#8220;off&#8220; use_navi=&#8220;off&#8220; post_padding=&#8220;10px|10px|0px|10px|false|true&#8220; post_equal_height=&#8220;on&#8220; content_wrapper=&#8220;15px|10px|10px|10px|false|true&#8220; _builder_version=&#8220;4.27.4&#8243; _module_preset=&#8220;default&#8220; title_level=&#8220;h3&#8243; title_font=&#8220;||||||||&#8220; title_font_size=&#8220;16px&#8220; title_line_height=&#8220;1.6em&#8220; custom_readmore=&#8220;on&#8220; readmore_text_size=&#8220;15px&#8220; readmore_text_color=&#8220;#ffffff&#8220; readmore_bg_color=&#8220;#C42026&#8243; readmore_border_width=&#8220;0px&#8220; readmore_border_radius=&#8220;10px&#8220; readmore_use_icon=&#8220;off&#8220; readmore_alignment=&#8220;center&#8220; readmore_custom_padding=&#8220;6px|25px|6px|25px|true|true&#8220; custom_margin=&#8220;||10px||false|false&#8220; custom_padding=&#8220;10px|10px|10px|10px|true|true&#8220; border_radii_post_box=&#8220;on|10px|10px|10px|10px&#8220; border_radii_image=&#8220;on|10px|10px|10px|10px&#8220; box_shadow_style_post_box=&#8220;preset1&#8243; box_shadow_vertical_post_box=&#8220;0px&#8220; box_shadow_blur_post_box=&#8220;20px&#8220; box_shadow_color_post_box=&#8220;rgba(0,0,0,0.15)&#8220; global_colors_info=&#8220;{}&#8220; global_module=&#8220;101435&#8243; theme_builder_area=&#8220;post_content&#8220;][\/dsm_blog_carousel][et_pb_button button_url=&#8220;\/revista\/razas-de-caballos\/&#8220; button_text=&#8220;Todas las razas de caballos&#8220; button_alignment=&#8220;center&#8220; _builder_version=&#8220;4.27.4&#8243; _module_preset=&#8220;default&#8220; custom_button=&#8220;on&#8220; button_text_size=&#8220;16px&#8220; button_text_color=&#8220;#ffffff&#8220; button_bg_color=&#8220;#C42026&#8243; button_border_width=&#8220;2px&#8220; button_border_color=&#8220;#C42026&#8243; button_border_radius=&#8220;10px&#8220; button_use_icon=&#8220;off&#8220; custom_padding=&#8220;8px|20px|8px|20px|true|true&#8220; global_colors_info=&#8220;{}&#8220; transform_styles__hover_enabled=&#8220;on|hover&#8220; transform_scale__hover_enabled=&#8220;on|hover&#8220; transform_translate__hover_enabled=&#8220;on|desktop&#8220; transform_rotate__hover_enabled=&#8220;on|desktop&#8220; transform_skew__hover_enabled=&#8220;on|desktop&#8220; transform_origin__hover_enabled=&#8220;on|desktop&#8220; transform_scale__hover=&#8220;105%|105%&#8220; global_module=&#8220;101436&#8243; theme_builder_area=&#8220;post_content&#8220;][\/et_pb_button][et_pb_code _builder_version=&#8220;4.27.4&#8243; _module_preset=&#8220;default&#8220; global_colors_info=&#8220;{}&#8220; global_module=&#8220;101437&#8243; theme_builder_area=&#8220;post_content&#8220;]<\/p>\n<div id=\"ehorses.es_sky_1\"><\/div>\n<p>[\/et_pb_code][\/et_pb_column][\/et_pb_row][et_pb_row use_custom_gutter=&#8220;on&#8220; gutter_width=&#8220;1&#8243; _builder_version=&#8220;4.27.4&#8243; _module_preset=&#8220;default&#8220; width=&#8220;90%&#8220; custom_padding=&#8220;0px||55px||false|false&#8220; global_colors_info=&#8220;{}&#8220;][et_pb_column type=&#8220;4_4&#8243; _builder_version=&#8220;4.27.4&#8243; _module_preset=&#8220;default&#8220; global_colors_info=&#8220;{}&#8220;][et_pb_text _builder_version=&#8220;4.27.4&#8243; _module_preset=&#8220;default&#8220; header_2_line_height=&#8220;1.4em&#8220; header_2_font_size_tablet=&#8220;&#8220; header_2_font_size_phone=&#8220;22px&#8220; header_2_font_size_last_edited=&#8220;on|phone&#8220; global_colors_info=&#8220;{}&#8220;]<\/p>\n<h2>Datos importantes sobre los Ardenner de un vistazo<\/h2>\n<p>[\/et_pb_text][et_pb_text _builder_version=&#8220;4.27.4&#8243; _module_preset=&#8220;default&#8220; link_font=&#8220;||||on|||#C42026|&#8220; link_text_color=&#8220;#C42026&#8243; global_colors_info=&#8220;{}&#8220;]<\/p>\n<ul>\n<li><strong>Origen:<\/strong> B\u00e9lgica, Francia<\/li>\n<li><strong>Regi\u00f3n principal de cr\u00eda:<\/strong> B\u00e9lgica, Francia<\/li>\n<li><strong>Distribuci\u00f3n:<\/strong> B\u00e9lgica, Francia, Luxemburgo, Suecia<\/li>\n<li><strong>Tipo:<\/strong> Sangre fr\u00eda<\/li>\n<li><strong>Color:<\/strong> Casta\u00f1o, rojizo, tordo rojizo, alaz\u00e1n<\/li>\n<li><strong>Alzada:<\/strong> De 1,52 m a 1,65 m<\/li>\n<li><strong>Peso:<\/strong> Hasta 1.000 kg<\/li>\n<li><strong>Apariencia:<\/strong> Caballo de tiro robusto<\/li>\n<li><strong>Colores:<\/strong> Tordos, casta\u00f1os, negros, alazanes rodados, sin marcas visibles en la cabeza<\/li>\n<li><strong>Disciplina:<\/strong> Agricultura, explotaci\u00f3n forestal, caballos de tiro y carruaje, equitaci\u00f3n, y producci\u00f3n de carne<\/li>\n<\/ul>\n<p>[\/et_pb_text][\/et_pb_column][\/et_pb_row][et_pb_row use_custom_gutter=&#8220;on&#8220; gutter_width=&#8220;1&#8243; _builder_version=&#8220;4.27.4&#8243; _module_preset=&#8220;default&#8220; width=&#8220;90%&#8220; custom_margin=&#8220;0px||35px||false|false&#8220; custom_padding=&#8220;20px|20px|20px|20px|true|true&#8220; border_radii=&#8220;on|10px|10px|10px|10px&#8220; box_shadow_style=&#8220;preset1&#8243; box_shadow_vertical=&#8220;0px&#8220; box_shadow_blur=&#8220;20px&#8220; box_shadow_color=&#8220;rgba(0,0,0,0.15)&#8220; global_colors_info=&#8220;{}&#8220;][et_pb_column type=&#8220;4_4&#8243; _builder_version=&#8220;4.27.4&#8243; _module_preset=&#8220;default&#8220; global_colors_info=&#8220;{}&#8220;][dsm_icon_list icon_color=&#8220;#FF4C4D&#8220; icon_gap_width=&#8220;1.6em&#8220; icon_font_size=&#8220;32px&#8220; _builder_version=&#8220;4.27.4&#8243; _module_preset=&#8220;default&#8220; custom_margin=&#8220;||15px||false|false&#8220; global_colors_info=&#8220;{}&#8220;][dsm_icon_list_child text=&#8220;\u00bfQu\u00e9 alzada pueden alcanzar los Ardenner?&#8220; font_icon=&#8220;&#xe060;||divi||400&#8243; icon_color=&#8220;#FF4C4D&#8220; icon_font_size=&#8220;24px&#8220; _builder_version=&#8220;4.27.4&#8243; _module_preset=&#8220;default&#8220; text_font=&#8220;|700|||||||&#8220; text_font_size=&#8220;18px&#8220; text_line_height=&#8220;1.4em&#8220; global_colors_info=&#8220;{}&#8220;]ddds[\/dsm_icon_list_child][\/dsm_icon_list][et_pb_text _builder_version=&#8220;4.27.4&#8243; _module_preset=&#8220;default&#8220; global_colors_info=&#8220;{}&#8220;]Los caballos Ardenner alcanzan entre 1,52 m y 1,65 m de alzada.[\/et_pb_text][\/et_pb_column][\/et_pb_row][et_pb_row use_custom_gutter=&#8220;on&#8220; gutter_width=&#8220;1&#8243; _builder_version=&#8220;4.27.4&#8243; _module_preset=&#8220;default&#8220; width=&#8220;90%&#8220; custom_padding=&#8220;30px||55px||false|false&#8220; global_colors_info=&#8220;{}&#8220;][et_pb_column type=&#8220;4_4&#8243; _builder_version=&#8220;4.27.4&#8243; _module_preset=&#8220;default&#8220; global_colors_info=&#8220;{}&#8220;][et_pb_text _builder_version=&#8220;4.27.4&#8243; _module_preset=&#8220;default&#8220; header_2_line_height=&#8220;1.4em&#8220; custom_margin=&#8220;||25px||false|false&#8220; header_2_font_size_tablet=&#8220;&#8220; header_2_font_size_phone=&#8220;22px&#8220; header_2_font_size_last_edited=&#8220;on|phone&#8220; global_colors_info=&#8220;{}&#8220;]<\/p>\n<h2>Im\u00e1genes del Ardenner<\/h2>\n<p>[\/et_pb_text][dsm_image_carousel gallery_ids=&#8220;100649,100647,100648,100646,100645&#8243; lazyload=&#8220;on&#8220; slide_to_show=&#8220;3&#8243; autoplay=&#8220;off&#8220; arrow_prev=&#8220;on&#8220; arrow_prev_font_icon=&#8220;&#x44;||divi||400&#8243; arrow_next=&#8220;on&#8220; arrow_next_font_icon=&#8220;&#x45;||divi||400&#8243; arrow_color=&#8220;#242424&#8243; dots_active_color=&#8220;#242424&#8243; _builder_version=&#8220;4.27.4&#8243; _module_preset=&#8220;default&#8220; border_radii_image=&#8220;on|15px|15px|15px|15px&#8220; global_colors_info=&#8220;{}&#8220;][\/dsm_image_carousel][\/et_pb_column][\/et_pb_row][et_pb_row use_custom_gutter=&#8220;on&#8220; gutter_width=&#8220;1&#8243; _builder_version=&#8220;4.27.4&#8243; _module_preset=&#8220;default&#8220; width=&#8220;90%&#8220; custom_padding=&#8220;30px||55px||false|false&#8220; global_colors_info=&#8220;{}&#8220;][et_pb_column type=&#8220;4_4&#8243; _builder_version=&#8220;4.27.4&#8243; _module_preset=&#8220;default&#8220; global_colors_info=&#8220;{}&#8220;][et_pb_text _builder_version=&#8220;4.27.4&#8243; _module_preset=&#8220;default&#8220; header_2_line_height=&#8220;1.4em&#8220; header_2_font_size_tablet=&#8220;&#8220; header_2_font_size_phone=&#8220;22px&#8220; header_2_font_size_last_edited=&#8220;on|phone&#8220; global_colors_info=&#8220;{}&#8220;]<\/p>\n<h2>Historia de la raza<\/h2>\n<p>[\/et_pb_text][et_pb_text _builder_version=&#8220;4.27.4&#8243; _module_preset=&#8220;default&#8220; link_font=&#8220;||||on||||&#8220; global_colors_info=&#8220;{}&#8220;]<\/p>\n<p>Los Ardenner son una de las razas de caballos m\u00e1s antiguas de Francia y han sido utilizados desde la \u00e9poca romana como caballos de guerra, de tiro y para labores agr\u00edcolas. Su uso en la Edad Media fue destacado, siendo montura de caballeros y utilizados por la artiller\u00eda de Napole\u00f3n. En sus or\u00edgenes, estos caballos eran menos corpulentos que los Ardenner modernos, lo que los hac\u00eda aptos como caballos de silla y uso militar.<\/p>\n<p>En el siglo XVII y durante las Cruzadas, la raza fue cruzada con caballos orientales, lo que result\u00f3 en una versi\u00f3n m\u00e1s ligera y estilizada. Sin embargo, en el siglo XIX, debido a la creciente necesidad de caballos de tiro m\u00e1s pesados, los Ardenner fueron cruzados con razas como Brabante, Percher\u00f3n y Boulonnais, desarrollando as\u00ed una variante m\u00e1s robusta que predomina en la actualidad. Actualmente, se cr\u00edan principalmente en B\u00e9lgica, Francia, Suecia y Luxemburgo.<\/p>\n<p>Adem\u00e1s, existen esfuerzos para cruzarlos con caballos \u00e1rabes para crear ejemplares m\u00e1s ligeros, ideales como caballos deportivos. En 1908, se estableci\u00f3 el primer registro geneal\u00f3gico para la raza en Francia. El Ardenner tambi\u00e9n ha influido en otras razas, como el Pfalz-Ardenner, criado en regiones de Alemania como el Palatinado y el Sarre, adem\u00e1s de Francia.<\/p>\n<p>[\/et_pb_text][\/et_pb_column][\/et_pb_row][et_pb_row use_custom_gutter=&#8220;on&#8220; gutter_width=&#8220;1&#8243; _builder_version=&#8220;4.27.4&#8243; _module_preset=&#8220;default&#8220; width=&#8220;90%&#8220; custom_margin=&#8220;0px||35px||false|false&#8220; custom_padding=&#8220;20px|20px|20px|20px|true|true&#8220; border_radii=&#8220;on|10px|10px|10px|10px&#8220; box_shadow_style=&#8220;preset1&#8243; box_shadow_vertical=&#8220;0px&#8220; box_shadow_blur=&#8220;20px&#8220; box_shadow_color=&#8220;rgba(0,0,0,0.15)&#8220; global_colors_info=&#8220;{}&#8220;][et_pb_column type=&#8220;4_4&#8243; _builder_version=&#8220;4.27.4&#8243; _module_preset=&#8220;default&#8220; global_colors_info=&#8220;{}&#8220;][dsm_icon_list icon_color=&#8220;#FF4C4D&#8220; icon_gap_width=&#8220;1.6em&#8220; icon_font_size=&#8220;32px&#8220; _builder_version=&#8220;4.27.4&#8243; _module_preset=&#8220;default&#8220; custom_margin=&#8220;||15px||false|false&#8220; global_colors_info=&#8220;{}&#8220;][dsm_icon_list_child text=&#8220;\u00bfQu\u00e9 raza son los caballos cerveceros?&#8220; font_icon=&#8220;&#xe060;||divi||400&#8243; icon_color=&#8220;#FF4C4D&#8220; icon_font_size=&#8220;24px&#8220; _builder_version=&#8220;4.27.4&#8243; _module_preset=&#8220;default&#8220; text_font=&#8220;|700|||||||&#8220; text_font_size=&#8220;18px&#8220; text_line_height=&#8220;1.4em&#8220; global_colors_info=&#8220;{}&#8220;]ddds[\/dsm_icon_list_child][\/dsm_icon_list][et_pb_text _builder_version=&#8220;4.27.4&#8243; _module_preset=&#8220;default&#8220; global_colors_info=&#8220;{}&#8220;]Los caballos cerveceros son ejemplares utilizados tradicionalmente en las cervecer\u00edas para transportar barriles pesados y otros art\u00edculos. Las razas de sangre fr\u00eda como los Ardenner son ideales para estas tareas debido a su fuerza y resistencia.[\/et_pb_text][\/et_pb_column][\/et_pb_row][et_pb_row use_custom_gutter=&#8220;on&#8220; gutter_width=&#8220;1&#8243; _builder_version=&#8220;4.27.4&#8243; _module_preset=&#8220;default&#8220; width=&#8220;90%&#8220; custom_padding=&#8220;30px||55px||false|false&#8220; global_colors_info=&#8220;{}&#8220;][et_pb_column type=&#8220;4_4&#8243; _builder_version=&#8220;4.27.4&#8243; _module_preset=&#8220;default&#8220; global_colors_info=&#8220;{}&#8220;][et_pb_text _builder_version=&#8220;4.27.4&#8243; _module_preset=&#8220;default&#8220; header_2_line_height=&#8220;1.4em&#8220; header_2_font_size_tablet=&#8220;&#8220; header_2_font_size_phone=&#8220;22px&#8220; header_2_font_size_last_edited=&#8220;on|phone&#8220; global_colors_info=&#8220;{}&#8220;]<\/p>\n<h2>Apariencia del Ardenner<\/h2>\n<p>[\/et_pb_text][et_pb_text ul_position=&#8220;inside&#8220; _builder_version=&#8220;4.27.4&#8243; _module_preset=&#8220;default&#8220; link_font=&#8220;||||on||||&#8220; global_colors_info=&#8220;{}&#8220;]<\/p>\n<p>El Ardenner es un caballo de sangre fr\u00eda robusto, con un peso que var\u00eda entre 800 y 1.000 kilogramos, ubic\u00e1ndose entre las razas m\u00e1s pesadas. Sin embargo, en comparaci\u00f3n con otros caballos de tiro, su alzada es relativamente m\u00e1s baja, con un promedio de 155 a 162 cm. Se caracteriza por su cuerpo ancho, compacto y fornido, un perfil de nariz recta o ligeramente convexo, un cuello corto y musculoso, y hombros robustos inclinados. Tanto su espalda como su grupa son cortas, lo que contribuye a su apariencia masiva y compacta.<\/p>\n<p>El esqueleto del Ardenner es fuerte y est\u00e1 soportado por patas cortas y robustas, con gran abundancia de pelos en las cuartillas (conocido como &#8222;cernejas&#8220;). Sus cascos son peque\u00f1os pero excepcionalmente duros. En cuanto a los colores, predominan los tonos casta\u00f1os, rojizos y alazanes rodados. Tambi\u00e9n existen ejemplares tordos y casta\u00f1os m\u00e1s oscuros, con melena y cola de color marr\u00f3n oscuro.<\/p>\n<p>[\/et_pb_text][et_pb_image src=&#8220;https:\/\/www.ehorses.es\/revista\/wp-content\/uploads\/2025\/02\/ardenner-cabeza.webp&#8220; alt=&#8220;Ardenner cabeza&#8220; title_text=&#8220;ardenner-cabeza&#8220; align=&#8220;center&#8220; _builder_version=&#8220;4.27.4&#8243; _module_preset=&#8220;default&#8220; custom_margin=&#8220;50px||||false|false&#8220; border_radii=&#8220;on|15px|15px|15px|15px&#8220; global_colors_info=&#8220;{}&#8220;][\/et_pb_image][\/et_pb_column][\/et_pb_row][et_pb_row use_custom_gutter=&#8220;on&#8220; gutter_width=&#8220;1&#8243; _builder_version=&#8220;4.27.4&#8243; _module_preset=&#8220;default&#8220; width=&#8220;90%&#8220; custom_padding=&#8220;30px||55px||false|false&#8220; global_colors_info=&#8220;{}&#8220;][et_pb_column type=&#8220;4_4&#8243; _builder_version=&#8220;4.27.4&#8243; _module_preset=&#8220;default&#8220; global_colors_info=&#8220;{}&#8220;][et_pb_text _builder_version=&#8220;4.27.4&#8243; _module_preset=&#8220;default&#8220; header_2_line_height=&#8220;1.4em&#8220; header_2_font_size_tablet=&#8220;&#8220; header_2_font_size_phone=&#8220;22px&#8220; header_2_font_size_last_edited=&#8220;on|phone&#8220; global_colors_info=&#8220;{}&#8220;]<\/p>\n<h2>Car\u00e1cter del Ardenner<\/h2>\n<p>[\/et_pb_text][et_pb_text ul_position=&#8220;inside&#8220; _builder_version=&#8220;4.27.4&#8243; _module_preset=&#8220;default&#8220; link_font=&#8220;||||on||||&#8220; ul_line_height=&#8220;2.4em&#8220; global_colors_info=&#8220;{}&#8220;]<\/p>\n<p>Los Ardenner tienen un car\u00e1cter tranquilo, d\u00f3cil y resistente. Son conocidos por su gran vigor, disposici\u00f3n al trabajo y confiabilidad. A pesar de su tama\u00f1o y peso, pueden demostrar agilidad y energ\u00eda cuando es necesario. Antiguamente, eran empleados principalmente como caballos de trabajo en la agricultura. Hoy en d\u00eda, su cr\u00eda se enfoca m\u00e1s en la producci\u00f3n de carne, aunque tambi\u00e9n se utilizan como ocasionales caballos de tiro o de deporte para conducci\u00f3n.<\/p>\n<p>El movimiento del Ardenner es \u00fanico: a pesar de su corpulencia, tienen un paso ligero, seguro y eficiente. Presentan tres aires b\u00e1sicos equilibrados y espaciosos que los hacen sobresalir entre otras razas de caballos de tiro.<\/p>\n<p>[\/et_pb_text][\/et_pb_column][\/et_pb_row][et_pb_row use_custom_gutter=&#8220;on&#8220; gutter_width=&#8220;1&#8243; _builder_version=&#8220;4.27.4&#8243; _module_preset=&#8220;default&#8220; width=&#8220;90%&#8220; custom_margin=&#8220;0px||35px||false|false&#8220; custom_padding=&#8220;20px|20px|20px|20px|true|true&#8220; border_radii=&#8220;on|10px|10px|10px|10px&#8220; box_shadow_style=&#8220;preset1&#8243; box_shadow_vertical=&#8220;0px&#8220; box_shadow_blur=&#8220;20px&#8220; box_shadow_color=&#8220;rgba(0,0,0,0.15)&#8220; global_colors_info=&#8220;{}&#8220;][et_pb_column type=&#8220;4_4&#8243; _builder_version=&#8220;4.27.4&#8243; _module_preset=&#8220;default&#8220; global_colors_info=&#8220;{}&#8220;][dsm_icon_list icon_color=&#8220;#FF4C4D&#8220; icon_gap_width=&#8220;1.6em&#8220; icon_font_size=&#8220;32px&#8220; _builder_version=&#8220;4.27.4&#8243; _module_preset=&#8220;default&#8220; custom_margin=&#8220;||15px||false|false&#8220; global_colors_info=&#8220;{}&#8220;][dsm_icon_list_child text=&#8220;\u00bfCu\u00e1nto pesa un caballo Ardenner?&#8220; font_icon=&#8220;&#xe060;||divi||400&#8243; icon_color=&#8220;#FF4C4D&#8220; icon_font_size=&#8220;24px&#8220; _builder_version=&#8220;4.27.4&#8243; _module_preset=&#8220;default&#8220; text_font=&#8220;|700|||||||&#8220; text_font_size=&#8220;18px&#8220; text_line_height=&#8220;1.4em&#8220; global_colors_info=&#8220;{}&#8220;]ddds[\/dsm_icon_list_child][\/dsm_icon_list][et_pb_text _builder_version=&#8220;4.27.4&#8243; _module_preset=&#8220;default&#8220; global_colors_info=&#8220;{}&#8220;]Los caballos Ardenner pueden llegar a pesar hasta una tonelada.[\/et_pb_text][\/et_pb_column][\/et_pb_row][et_pb_row use_custom_gutter=&#8220;on&#8220; gutter_width=&#8220;1&#8243; _builder_version=&#8220;4.27.4&#8243; _module_preset=&#8220;default&#8220; width=&#8220;90%&#8220; custom_padding=&#8220;30px||55px||false|false&#8220; global_colors_info=&#8220;{}&#8220;][et_pb_column type=&#8220;4_4&#8243; _builder_version=&#8220;4.27.4&#8243; _module_preset=&#8220;default&#8220; global_colors_info=&#8220;{}&#8220;][et_pb_text _builder_version=&#8220;4.27.4&#8243; _module_preset=&#8220;default&#8220; header_2_line_height=&#8220;1.4em&#8220; header_2_font_size_tablet=&#8220;&#8220; header_2_font_size_phone=&#8220;22px&#8220; header_2_font_size_last_edited=&#8220;on|phone&#8220; global_colors_info=&#8220;{}&#8220;]<\/p>\n<h2>Caracter\u00edsticas destacadas de los Ardenner: \u00c1mbitos de uso<\/h2>\n<p>[\/et_pb_text][et_pb_text ul_position=&#8220;inside&#8220; _builder_version=&#8220;4.27.4&#8243; _module_preset=&#8220;default&#8220; link_font=&#8220;||||on||||&#8220; ul_line_height=&#8220;2.4em&#8220; global_colors_info=&#8220;{}&#8220;]<\/p>\n<p>La versatilidad del Ardenner lo hace ideal para labores que requieran fuerza y resistencia. Tradicionalmente, han sido caballos de trabajo empleados en la agricultura y la explotaci\u00f3n forestal, realizando tareas como tracci\u00f3n de troncos y arado. Adem\u00e1s, debido a su car\u00e1cter tranquilo y confiable, son populares para paseos en carruaje en eventos rurales, festivales locales y excursiones al aire libre.<\/p>\n<p>Su buen car\u00e1cter tambi\u00e9n los hace aptos como caballos de ocio, especialmente para principiantes y jinetes recreativos que buscan un equino tranquilo y estable. Sin embargo, su peso los hace atractivos para la producci\u00f3n de carne, un factor que contribuye a que la raza est\u00e9 en peligro de desaparecer.<\/p>\n<p>[\/et_pb_text][\/et_pb_column][\/et_pb_row][et_pb_row use_custom_gutter=&#8220;on&#8220; gutter_width=&#8220;1&#8243; _builder_version=&#8220;4.27.4&#8243; _module_preset=&#8220;default&#8220; width=&#8220;90%&#8220; custom_padding=&#8220;30px||55px||false|false&#8220; global_colors_info=&#8220;{}&#8220;][et_pb_column type=&#8220;4_4&#8243; _builder_version=&#8220;4.27.4&#8243; _module_preset=&#8220;default&#8220; global_colors_info=&#8220;{}&#8220;][et_pb_text _builder_version=&#8220;4.27.4&#8243; _module_preset=&#8220;default&#8220; header_2_line_height=&#8220;1.4em&#8220; header_2_font_size_tablet=&#8220;&#8220; header_2_font_size_phone=&#8220;22px&#8220; header_2_font_size_last_edited=&#8220;on|phone&#8220; global_colors_info=&#8220;{}&#8220;]<\/p>\n<h2>Problemas de salud<\/h2>\n<p>[\/et_pb_text][et_pb_text ul_position=&#8220;inside&#8220; _builder_version=&#8220;4.27.4&#8243; _module_preset=&#8220;default&#8220; link_font=&#8220;||||on||||&#8220; ul_line_height=&#8220;2.4em&#8220; global_colors_info=&#8220;{}&#8220;]<\/p>\n<p>En general, los Ardenner son caballos robustos y resistentes que no presentan enfermedades gen\u00e9ticas conocidas. Sin embargo, debido a su espeso pelaje en las cuartillas, son propensos a padecer de &#8222;mauq&#8220;, una inflamaci\u00f3n de la ranilla que puede ser causada por la acumulaci\u00f3n de suciedad o bacterias. La higiene adecuada es esencial para evitar esta dolencia.<\/p>\n<p>[\/et_pb_text][\/et_pb_column][\/et_pb_row][et_pb_row use_custom_gutter=&#8220;on&#8220; gutter_width=&#8220;1&#8243; _builder_version=&#8220;4.27.4&#8243; _module_preset=&#8220;default&#8220; width=&#8220;90%&#8220; custom_margin=&#8220;0px||35px||false|false&#8220; custom_padding=&#8220;20px|20px|20px|20px|true|true&#8220; border_radii=&#8220;on|10px|10px|10px|10px&#8220; box_shadow_style=&#8220;preset1&#8243; box_shadow_vertical=&#8220;0px&#8220; box_shadow_blur=&#8220;20px&#8220; box_shadow_color=&#8220;rgba(0,0,0,0.15)&#8220; global_colors_info=&#8220;{}&#8220;][et_pb_column type=&#8220;4_4&#8243; _builder_version=&#8220;4.27.4&#8243; _module_preset=&#8220;default&#8220; global_colors_info=&#8220;{}&#8220;][dsm_icon_list icon_color=&#8220;#FF4C4D&#8220; icon_gap_width=&#8220;1.6em&#8220; icon_font_size=&#8220;32px&#8220; _builder_version=&#8220;4.27.4&#8243; _module_preset=&#8220;default&#8220; custom_margin=&#8220;||15px||false|false&#8220; global_colors_info=&#8220;{}&#8220;][dsm_icon_list_child text=&#8220;\u00bfSe pueden montar los Ardenner?&#8220; font_icon=&#8220;&#xe060;||divi||400&#8243; icon_color=&#8220;#FF4C4D&#8220; icon_font_size=&#8220;24px&#8220; _builder_version=&#8220;4.27.4&#8243; _module_preset=&#8220;default&#8220; text_font=&#8220;|700|||||||&#8220; text_font_size=&#8220;18px&#8220; text_line_height=&#8220;1.4em&#8220; global_colors_info=&#8220;{}&#8220;]ddds[\/dsm_icon_list_child][\/dsm_icon_list][et_pb_text _builder_version=&#8220;4.27.4&#8243; _module_preset=&#8220;default&#8220; global_colors_info=&#8220;{}&#8220;]Gracias a su car\u00e1cter equilibrado, los Ardenner son caballos de equitaci\u00f3n muy fiables.[\/et_pb_text][\/et_pb_column][\/et_pb_row][et_pb_row use_custom_gutter=&#8220;on&#8220; gutter_width=&#8220;1&#8243; _builder_version=&#8220;4.27.4&#8243; _module_preset=&#8220;default&#8220; width=&#8220;90%&#8220; custom_padding=&#8220;30px||55px||false|false&#8220; global_colors_info=&#8220;{}&#8220;][et_pb_column type=&#8220;4_4&#8243; _builder_version=&#8220;4.27.4&#8243; _module_preset=&#8220;default&#8220; global_colors_info=&#8220;{}&#8220;][et_pb_text _builder_version=&#8220;4.27.4&#8243; _module_preset=&#8220;default&#8220; header_2_line_height=&#8220;1.4em&#8220; header_2_font_size_tablet=&#8220;&#8220; header_2_font_size_phone=&#8220;22px&#8220; header_2_font_size_last_edited=&#8220;on|phone&#8220; global_colors_info=&#8220;{}&#8220;]<\/p>\n<h2>Educaci\u00f3n y manejo<\/h2>\n<p>[\/et_pb_text][et_pb_text ul_position=&#8220;inside&#8220; _builder_version=&#8220;4.27.4&#8243; _module_preset=&#8220;default&#8220; link_font=&#8220;||||on||||&#8220; ul_line_height=&#8220;2.4em&#8220; global_colors_info=&#8220;{}&#8220;]<\/p>\n<p>Los Ardenner son extraordinariamente d\u00f3ciles, pacientes y f\u00e1ciles de entrenar. No obstante, debido a su gran tama\u00f1o y fuerza, es importante asegurarse de que reciban una educaci\u00f3n b\u00e1sica adecuada. Aunque suelen ser fiables, permitirles comportamientos indeseables puede convertirse en un problema serio para los propietarios.<\/p>\n<p>En cuanto a sus condiciones de vida, estos caballos son f\u00e1ciles de mantener. Prosperan en establos simples o al aire libre, siempre que sus espacios sean lo suficientemente amplios para acomodar su tama\u00f1o y peso. La alimentaci\u00f3n y el manejo deben planificarse cuidadosamente, teniendo en cuenta que estos caballos consumen m\u00e1s forraje y generan m\u00e1s esti\u00e9rcol que razas m\u00e1s peque\u00f1as.<\/p>\n<p>El transporte de un Ardenner tambi\u00e9n plantea desaf\u00edos. Dado su gran peso y tama\u00f1o, requieren remolques especialmente dise\u00f1ados, que sean estables y espaciosos, adem\u00e1s de veh\u00edculos resistentes que puedan manejar la carga.<\/p>\n<p>[\/et_pb_text][et_pb_image src=&#8220;https:\/\/www.ehorses.es\/revista\/wp-content\/uploads\/2025\/02\/ardenner-galope.webp&#8220; alt=&#8220;Ardenner galope&#8220; title_text=&#8220;Ardenner&#8220; align=&#8220;center&#8220; _builder_version=&#8220;4.27.4&#8243; _module_preset=&#8220;default&#8220; custom_margin=&#8220;50px||50px||false|false&#8220; border_radii=&#8220;on|15px|15px|15px|15px&#8220; global_colors_info=&#8220;{}&#8220;][\/et_pb_image][et_pb_text _builder_version=&#8220;4.27.4&#8243; _module_preset=&#8220;default&#8220; header_2_line_height=&#8220;1.4em&#8220; header_2_font_size_tablet=&#8220;&#8220; header_2_font_size_phone=&#8220;22px&#8220; header_2_font_size_last_edited=&#8220;on|phone&#8220; global_colors_info=&#8220;{}&#8220;]<\/p>\n<h3>Conocidos ejemplos de caballos Ardenner<\/h3>\n<p>[\/et_pb_text][et_pb_text ul_position=&#8220;inside&#8220; _builder_version=&#8220;4.27.4&#8243; _module_preset=&#8220;default&#8220; link_font=&#8220;||||on||||&#8220; ul_line_height=&#8220;2.4em&#8220; global_colors_info=&#8220;{}&#8220;]<\/p>\n<p>La imponente presencia del Ardenner ha hecho que esta raza aparezca en varias producciones cinematogr\u00e1ficas, especialmente en escenas relacionadas con la agricultura o la guerra. Un ejemplo destacado es la adaptaci\u00f3n cinematogr\u00e1fica del libro &#8222;El M\u00e9dico&#8220; de Noah Gordon (2013), donde aparece un Ardenner tirando de un carruaje medieval.<\/p>\n<p>[\/et_pb_text][\/et_pb_column][\/et_pb_row][et_pb_row use_custom_gutter=&#8220;on&#8220; gutter_width=&#8220;1&#8243; _builder_version=&#8220;4.27.4&#8243; _module_preset=&#8220;default&#8220; width=&#8220;90%&#8220; custom_margin=&#8220;0px||35px||false|false&#8220; custom_padding=&#8220;20px|20px|20px|20px|true|true&#8220; border_radii=&#8220;on|10px|10px|10px|10px&#8220; box_shadow_style=&#8220;preset1&#8243; box_shadow_vertical=&#8220;0px&#8220; box_shadow_blur=&#8220;20px&#8220; box_shadow_color=&#8220;rgba(0,0,0,0.15)&#8220; global_colors_info=&#8220;{}&#8220;][et_pb_column type=&#8220;4_4&#8243; _builder_version=&#8220;4.27.4&#8243; _module_preset=&#8220;default&#8220; global_colors_info=&#8220;{}&#8220;][dsm_icon_list icon_color=&#8220;#FF4C4D&#8220; icon_gap_width=&#8220;1.6em&#8220; icon_font_size=&#8220;32px&#8220; _builder_version=&#8220;4.27.4&#8243; _module_preset=&#8220;default&#8220; custom_margin=&#8220;||15px||false|false&#8220; global_colors_info=&#8220;{}&#8220;][dsm_icon_list_child text=&#8220;\u00bfEst\u00e1s buscando el caballo de tus sue\u00f1os?&#8220; use_icon=&#8220;off&#8220; _builder_version=&#8220;4.27.4&#8243; _module_preset=&#8220;default&#8220; text_font=&#8220;|700|||||||&#8220; text_font_size=&#8220;18px&#8220; text_line_height=&#8220;1.4em&#8220; global_colors_info=&#8220;{}&#8220;]<\/p>\n<p>ddds<\/p>\n<p>[\/dsm_icon_list_child][\/dsm_icon_list][et_pb_text _builder_version=&#8220;4.27.4&#8243; _module_preset=&#8220;default&#8220; global_colors_info=&#8220;{}&#8220;]\u00a1Encu\u00e9ntralo ahora en ehorses, el mercado de caballos m\u00e1s grande del mundo![\/et_pb_text][et_pb_button button_url=&#8220;https:\/\/www.ehorses.es\/comprar-caballo\/ardenner-polaco.html&#8220; button_text=&#8220;Encontrar Ardenner&#8220; button_alignment=&#8220;left&#8220; _builder_version=&#8220;4.27.4&#8243; _module_preset=&#8220;default&#8220; custom_button=&#8220;on&#8220; button_text_size=&#8220;16px&#8220; button_text_color=&#8220;#ffffff&#8220; button_bg_color=&#8220;#C42026&#8243; button_border_width=&#8220;2px&#8220; button_border_color=&#8220;#C42026&#8243; button_border_radius=&#8220;10px&#8220; button_use_icon=&#8220;off&#8220; custom_margin=&#8220;20px||||false|false&#8220; custom_padding=&#8220;8px|20px|8px|20px|true|true&#8220; global_colors_info=&#8220;{}&#8220; transform_styles__hover_enabled=&#8220;on|hover&#8220; transform_scale__hover_enabled=&#8220;on|hover&#8220; transform_translate__hover_enabled=&#8220;on|desktop&#8220; transform_rotate__hover_enabled=&#8220;on|desktop&#8220; transform_skew__hover_enabled=&#8220;on|desktop&#8220; transform_origin__hover_enabled=&#8220;on|desktop&#8220; transform_scale__hover=&#8220;105%|105%&#8220;][\/et_pb_button][\/et_pb_column][\/et_pb_row][et_pb_row use_custom_gutter=&#8220;on&#8220; gutter_width=&#8220;1&#8243; _builder_version=&#8220;4.27.4&#8243; _module_preset=&#8220;default&#8220; width=&#8220;90%&#8220; custom_padding=&#8220;15px||55px||false|false&#8220; global_colors_info=&#8220;{}&#8220;][et_pb_column type=&#8220;4_4&#8243; _builder_version=&#8220;4.27.4&#8243; _module_preset=&#8220;default&#8220; global_colors_info=&#8220;{}&#8220;][et_pb_text _builder_version=&#8220;4.27.4&#8243; _module_preset=&#8220;default&#8220; header_2_line_height=&#8220;1.4em&#8220; custom_margin=&#8220;||10px||false|false&#8220; header_2_font_size_tablet=&#8220;&#8220; header_2_font_size_phone=&#8220;22px&#8220; header_2_font_size_last_edited=&#8220;on|phone&#8220; global_colors_info=&#8220;{}&#8220;]<\/p>\n<h2>Las preguntas m\u00e1s importantes de un vistazo<\/h2>\n<p>[\/et_pb_text][dsm_faq dsm_make_accordion_toggle=&#8220;on&#8220; dsm_open_faq_item=&#8220;on&#8220; dsm_enable_schema_markup=&#8220;on&#8220; dsm_close_bg_color=&#8220;RGBA(255,255,255,0)&#8220; dsm_open_font_icon=&#8220;&#x43;||divi||400&#8243; dsm_close_font_icon=&#8220;&#x45;||divi||400&#8243; dsm_close_icon_color=&#8220;#C42026&#8243; dsm_animate_icon=&#8220;on&#8220; _builder_version=&#8220;4.27.4&#8243; _module_preset=&#8220;default&#8220; header_level=&#8220;h2&#8243; header_font_size=&#8220;16px&#8220; header_line_height=&#8220;1.5em&#8220; border_radii_dsm_toggle_open_border=&#8220;on|10px|10px|10px|10px&#8220; border_radii_dsm_toggle_closed_border=&#8220;on|10px|10px|10px|10px&#8220; global_colors_info=&#8220;{}&#8220;][dsm_faq_child dsm_title=&#8220;\u00bfQu\u00e9 raza son los caballos cerveceros?&#8220; dsm_content=&#8220;Los caballos cerveceros son ejemplares utilizados tradicionalmente en las cervecer\u00edas para transportar barriles pesados y otros art\u00edculos. Las razas de sangre fr\u00eda como los Ardenner son ideales para estas tareas debido a su fuerza y resistencia.&#8220; _builder_version=&#8220;4.27.4&#8243; _module_preset=&#8220;default&#8220; global_colors_info=&#8220;{}&#8220; parentOrderClass=&#8220;dsm_faq_1&#8243;][\/dsm_faq_child][dsm_faq_child dsm_title=&#8220;\u00bfCu\u00e1nto pesa un caballo Ardenner?&#8220; dsm_content=&#8220;Los caballos Ardenner pueden llegar a pesar hasta una tonelada.&#8220; _builder_version=&#8220;4.27.4&#8243; _module_preset=&#8220;default&#8220; global_colors_info=&#8220;{}&#8220; parentOrderClass=&#8220;dsm_faq_1&#8243;][\/dsm_faq_child][dsm_faq_child dsm_title=&#8220;\u00bfQu\u00e9 alzada pueden alcanzar los Ardenner?&#8220; dsm_content=&#8220;Los caballos Ardenner alcanzan entre 1,52 m y 1,65 m de alzada.&#8220; _builder_version=&#8220;4.27.4&#8243; _module_preset=&#8220;default&#8220; global_colors_info=&#8220;{}&#8220; parentOrderClass=&#8220;dsm_faq_1&#8243;][\/dsm_faq_child][\/dsm_faq][\/et_pb_column][\/et_pb_row][\/et_pb_section][et_pb_section fb_built=&#8220;1&#8243; admin_label=&#8220;section&#8220; _builder_version=&#8220;4.27.4&#8243; _module_preset=&#8220;default&#8220; background_color=&#8220;#ffffff&#8220; custom_padding=&#8220;50px||20px||false|false&#8220; top_divider_height=&#8220;200px&#8220; global_module=&#8220;100333&#8243; saved_tabs=&#8220;all&#8220; global_colors_info=&#8220;{}&#8220;][et_pb_row admin_label=&#8220;row&#8220; _builder_version=&#8220;4.16&#8243; background_size=&#8220;initial&#8220; background_position=&#8220;top_left&#8220; background_repeat=&#8220;repeat&#8220; global_colors_info=&#8220;{}&#8220;][et_pb_column type=&#8220;4_4&#8243; _builder_version=&#8220;4.16&#8243; custom_padding=&#8220;|||&#8220; global_colors_info=&#8220;{}&#8220; custom_padding__hover=&#8220;|||&#8220;][et_pb_text _builder_version=&#8220;4.27.4&#8243; _module_preset=&#8220;default&#8220; header_2_line_height=&#8220;1.4em&#8220; custom_margin=&#8220;||10px||false|false&#8220; header_2_font_size_tablet=&#8220;&#8220; header_2_font_size_phone=&#8220;22px&#8220; header_2_font_size_last_edited=&#8220;on|phone&#8220; global_colors_info=&#8220;{}&#8220;]<\/p>\n<h2>Art\u00edculos m\u00e1s populares<\/h2>\n<p>[\/et_pb_text][dsm_blog_carousel include_categories=&#8220;18&#8243; lazyload=&#8220;on&#8220; thumbnail_img_type=&#8220;contain&#8220; use_excerpt=&#8220;off&#8220; use_date=&#8220;off&#8220; use_author=&#8220;off&#8220; autoplay=&#8220;off&#8220; pagi_active_color=&#8220;#F0FAF5&#8243; left_navi_position=&#8220;-30px&#8220; right_navi_position=&#8220;-30px&#8220; prev_icon=&#8220;&#x44;||divi||400&#8243; next_icon=&#8220;&#x45;||divi||400&#8243; post_padding=&#8220;10px|10px|0px|10px|false|true&#8220; post_equal_height=&#8220;on&#8220; _builder_version=&#8220;4.27.4&#8243; _module_preset=&#8220;default&#8220; title_level=&#8220;h3&#8243; title_font=&#8220;||||||||&#8220; title_line_height=&#8220;1.6em&#8220; custom_readmore=&#8220;on&#8220; readmore_text_size=&#8220;15px&#8220; readmore_text_color=&#8220;#ffffff&#8220; readmore_bg_color=&#8220;#C42026&#8243; readmore_border_width=&#8220;0px&#8220; readmore_border_radius=&#8220;10px&#8220; readmore_use_icon=&#8220;off&#8220; readmore_alignment=&#8220;center&#8220; readmore_custom_padding=&#8220;6px|25px|6px|25px|true|true&#8220; custom_padding=&#8220;10px|10px|10px|10px|true|true&#8220; border_radii_post_box=&#8220;on|10px|10px|10px|10px&#8220; border_radii_image=&#8220;on|10px|10px|10px|10px&#8220; box_shadow_style_post_box=&#8220;preset1&#8243; box_shadow_vertical_post_box=&#8220;0px&#8220; box_shadow_blur_post_box=&#8220;20px&#8220; box_shadow_color_post_box=&#8220;rgba(0,0,0,0.15)&#8220; global_colors_info=&#8220;{}&#8220;][\/dsm_blog_carousel][\/et_pb_column][\/et_pb_row][\/et_pb_section][et_pb_section fb_built=&#8220;1&#8243; prev_background_color=&#8220;#ffffff&#8220; disabled_on=&#8220;on|on|on&#8220; admin_label=&#8220;section&#8220; _builder_version=&#8220;4.27.4&#8243; _module_preset=&#8220;default&#8220; background_color=&#8220;#C42026&#8243; custom_padding=&#8220;5px||100px||false|false&#8220; top_divider_style=&#8220;curve&#8220; top_divider_height=&#8220;200px&#8220; disabled=&#8220;on&#8220; global_module=&#8220;100213&#8243; saved_tabs=&#8220;all&#8220; global_colors_info=&#8220;{}&#8220;][et_pb_row admin_label=&#8220;row&#8220; _builder_version=&#8220;4.16&#8243; background_size=&#8220;initial&#8220; background_position=&#8220;top_left&#8220; background_repeat=&#8220;repeat&#8220; custom_padding=&#8220;0px|||||&#8220; global_colors_info=&#8220;{}&#8220;][et_pb_column type=&#8220;4_4&#8243; _builder_version=&#8220;4.16&#8243; custom_padding=&#8220;|||&#8220; global_colors_info=&#8220;{}&#8220; custom_padding__hover=&#8220;|||&#8220;][et_pb_text _builder_version=&#8220;4.27.4&#8243; _module_preset=&#8220;default&#8220; header_2_line_height=&#8220;1.4em&#8220; custom_margin=&#8220;||10px||false|false&#8220; header_2_font_size_tablet=&#8220;&#8220; header_2_font_size_phone=&#8220;22px&#8220; header_2_font_size_last_edited=&#8220;on|phone&#8220; global_colors_info=&#8220;{}&#8220;]<\/p>\n<h2 style=\"text-align: center;\">Nuevos caballos en ehorses<\/h2>\n<p>[\/et_pb_text][dsm_blog_carousel include_categories=&#8220;18&#8243; lazyload=&#8220;on&#8220; thumbnail_img_type=&#8220;contain&#8220; use_excerpt=&#8220;off&#8220; use_date=&#8220;off&#8220; use_author=&#8220;off&#8220; autoplay=&#8220;off&#8220; pagi_active_color=&#8220;#F0FAF5&#8243; left_navi_position=&#8220;-30px&#8220; right_navi_position=&#8220;-30px&#8220; prev_icon=&#8220;&#x44;||divi||400&#8243; next_icon=&#8220;&#x45;||divi||400&#8243; post_padding=&#8220;10px|10px|0px|10px|false|true&#8220; post_equal_height=&#8220;on&#8220; _builder_version=&#8220;4.27.4&#8243; _module_preset=&#8220;default&#8220; title_level=&#8220;h3&#8243; title_font=&#8220;||||||||&#8220; title_line_height=&#8220;1.6em&#8220; custom_readmore=&#8220;on&#8220; readmore_text_size=&#8220;15px&#8220; readmore_text_color=&#8220;#ffffff&#8220; readmore_bg_color=&#8220;#C42026&#8243; readmore_border_width=&#8220;0px&#8220; readmore_border_radius=&#8220;10px&#8220; readmore_use_icon=&#8220;off&#8220; readmore_alignment=&#8220;center&#8220; readmore_custom_padding=&#8220;6px|25px|6px|25px|true|true&#8220; max_width=&#8220;200%&#8220; custom_margin=&#8220;||14px||false|false&#8220; custom_padding=&#8220;10px|10px|10px|10px|true|true&#8220; border_radii_post_box=&#8220;on|10px|10px|10px|10px&#8220; border_radii_image=&#8220;on|10px|10px|10px|10px&#8220; box_shadow_style_post_box=&#8220;preset1&#8243; box_shadow_vertical_post_box=&#8220;0px&#8220; box_shadow_blur_post_box=&#8220;20px&#8220; box_shadow_color_post_box=&#8220;rgba(0,0,0,0.15)&#8220; global_colors_info=&#8220;{}&#8220;][\/dsm_blog_carousel][\/et_pb_column][\/et_pb_row][et_pb_row _builder_version=&#8220;4.27.4&#8243; _module_preset=&#8220;default&#8220; global_colors_info=&#8220;{}&#8220;][et_pb_column type=&#8220;4_4&#8243; _builder_version=&#8220;4.27.4&#8243; _module_preset=&#8220;default&#8220; global_colors_info=&#8220;{}&#8220;][et_pb_button button_url=&#8220;https:\/\/www.ehorses.es\/caballos-para-la-venta&#8220; url_new_window=&#8220;on&#8220; button_text=&#8220;Mercado de caballos&#8220; button_alignment=&#8220;center&#8220; _builder_version=&#8220;4.27.4&#8243; _module_preset=&#8220;default&#8220; custom_button=&#8220;on&#8220; button_text_color=&#8220;#ffffff&#8220; button_border_color=&#8220;#ffffff&#8220; button_border_radius=&#8220;10px&#8220; button_use_icon=&#8220;off&#8220; background_layout=&#8220;dark&#8220; global_colors_info=&#8220;{}&#8220;][\/et_pb_button][\/et_pb_column][\/et_pb_row][\/et_pb_section]<\/p>\n","protected":false},"excerpt":{"rendered":"<p><div class=\"et_pb_module dsm_breadcrumbs dsm_breadcrumbs_0\">\n\t\t\t\t\n\t\t\t\t\n\t\t\t\t\n\t\t\t\t\n\t\t\t\t\n\t\t\t\t\n\t\t\t\t<div class=\"et_pb_module_inner\">\n\t\t\t\t\t<nav class=\"dsm_breadcrumbs_wrap\">\n\t\t\t\t<ul class=\"dsm_breadcrumbs\" itemscope itemtype=\"https:\/\/schema.org\/BreadcrumbList\">\t\t\t<li class=\"dsm_breadcrumbs_item dsm_home_item dsm_home_item_custom\" itemprop=\"itemListElement\" itemscope\n\t\t\titemtype=\"https:\/\/schema.org\/ListItem\">\n\t\t\t\t<a href=\"https:\/\/www.ehorses.es\/revista\" itemprop=\"item\" target=\"\">\n\t\t\t\t\t<span class='dsm_home_text_wrapper'>\n\t\t\t\t\t\t\t\t\t\t\t\t\t<span class=\"et-pb-icon dsm_home_icon\">&#xf015;<\/span>\n\t\t\t\t\t\t\t\t\t\t\t\t\t<span class=\"dsm_home_text\" itemprop=\"name\">\n\t\t\t\t\t\t\t\tRevista\t\t\t\t\t\t\t<\/span>\n\t\t\t\t\t<\/span>\n\t\t\t\t<\/a>\n\t\t\t\t<meta itemprop=\"position\" content=\"1\" \/>\n\t\t\t<\/li>\n\n\t\t<li class=\"dsm_breadcrumbs_separator\"> <span class=\"et-pb-icon dsm_separator_icon\">&#xf054;<\/span><\/li><\/ul>\n\t\t\t<\/nav>\n\t\t\t\t<\/div>\n\t\t\t<\/div><div class=\"et_pb_module dsm_dual_heading dsm_dual_heading_0  et_pb_bg_layout_light\">\n\t\t\t\t\n\t\t\t\t\n\t\t\t\t\n\t\t\t\t\n\t\t\t\t\n\t\t\t\t\n\t\t\t\t<div class=\"et_pb_module_inner\">\n\t\t\t\t\t<h1 class=\"dsm-dual-heading-main et_pb_module_header\"><span class=\"dsm-dual-heading-before\">Ardenner: <\/span><span class=\"dsm-dual-heading-middle\">Apariencia, car\u00e1cter, precio y m\u00e1s<\/span><\/h1>\n\t\t\t\t<\/div>\n\t\t\t<\/div>El Ardenner es una de las razas de tiro m\u00e1s imponentes del mundo, originaria de las monta\u00f1as de las Ardenas, y puede alcanzar hasta una tonelada de peso, combinando fuerza con agilidad sorprendente. Hoy en d\u00eda, su cr\u00eda es limitada y se concentra principalmente en Francia, B\u00e9lgica, Luxemburgo y Suecia. <div class=\"et_pb_module dsm_social_share_buttons dsm_social_share_buttons_0\">\n\t\t\t\t\n\t\t\t\t\n\t\t\t\t\n\t\t\t\t\n\t\t\t\t\n\t\t\t\t\n\t\t\t\t<div class=\"et_pb_module_inner\">\n\t\t\t\t\t<div class=\"dsm-social-share-buttons-container dsm-gradient dsm-icon\">\n\t\t\t\t<div class=\"dsm-social-share-button-wrapper dsm_social_share_buttons_child_0\">\n\t\t\t\t\n\t\t\t            <div class=\"dsm-social-share-button-inner-wrapper dsm-whatsapp dsm_social_share_buttons_child_0 dsm-grow\" data-share_url=\"https:\/\/api.whatsapp.com\/send?text=\">\n\t\t\t\t\t\t    \n\t\t\t\t\t\t\t\n\t\t\t\t            <div class=\"dsm-social-share-button-icon\">\n\t\t\t\t\t\t\t<span class=\"dsm_icon et-pb-icon\">\uf232<\/span>\t\t\t\t\t\t    <\/div>\n\t\t\t\t\t\t    \n\t\t\t\t\t\t<\/div>\n\t\t\t   \n\t\t\t <\/div>\n\t\t\t<div class=\"dsm-social-share-button-wrapper dsm_social_share_buttons_child_1\">\n\t\t\t\t\n\t\t\t\t\t<div class=\"dsm-social-share-button-inner-wrapper dsm-facebook dsm_social_share_buttons_child_1 dsm-grow\" data-share_url=\"https:\/\/www.facebook.com\/sharer\/sharer.php?u=\">\n\t\t\t\t\t\t\t\n\t\t\t\t\t\t\t<div class=\"dsm-social-share-button-icon\">\n\t\t\t\t\t\t\t\t<span class=\"dsm_icon et-pb-icon\">\uf09a<\/span>\n\t\t\t\t\t\t\t<\/div>\n\t\t\t\t\t\t\t\n\t\t\t\t\t<\/div>\n\t\t\t   \n\t\t\t <\/div>\n\t\t\t<div class=\"dsm-social-share-button-wrapper dsm_social_share_buttons_child_2\">\n\t\t\t\t\n\t\t\t            <div class=\"dsm-social-share-button-inner-wrapper dsm-pinterest dsm_social_share_buttons_child_2 dsm-grow\" data-share_url=\"https:\/\/www.pinterest.com\/pin\/create\/button\/?url=&media=\">\n\t\t\t\t\t\t    \n\t\t\t\t\t\t\t\n\t\t\t                <div class=\"dsm-social-share-button-icon\">\n\t\t\t\t\t\t\t<span class=\"dsm_icon et-pb-icon\">\uf0d2<\/span>\t\t\t\t\t\t    <\/div>\n\t\t\t\t\t\t\t\n\t\t\t\t\t\t<\/div>\n\t\t\t   \n\t\t\t <\/div>\n\t\t\t\n\t\t\t<\/div>\n\t\t\t\n\t\t\t\t<\/div>\n\t\t\t<\/div><div class=\"et_pb_with_border et_pb_module pac_divi_table_of_contents pac_divi_table_of_contents_0\">\n\t\t\t\t\n\t\t\t\t\n\t\t\t\t\n\t\t\t\t\n\t\t\t\t\n\t\t\t\t\n\t\t\t\t<div class=\"et_pb_module_inner\">\n\t\t\t\t\t\n        <div class=\"pac_dtoc_main_container\"\n        data-allow_collapse_minimize=\"on\"\n        data-allow_collapse_minimize_tablet=\"on\"\n        data-allow_collapse_minimize_phone=\"on\"\n        data-ss=\"2000\"\n        data-sah=\"100\"\n        data-collapse_when_sticky=\"off\"\n        data-collapse_when_sticky_tablet=\"off\"\n        data-collapse_when_sticky_phone=\"off\"\n        data-skh=\"off\"\n        data-mtocai=\"off\"\n        data-mtocai_tablet=\"off\"\n        data-mtocai_phone=\"off\"\n        data-alh=\"off\"\n        data-ds=\"open\"\n        data-dst=\"open\"\n        data-dsp=\"open\">\n            <div class=\"pac_dtoc_title_area click_on click_tablet_on click_phone_on\">\n                <div role=\"heading\" aria-level=\"2\" id=\"pac_dtocm_title\" class=\"pac_dtoc_title\">\u00cdndice<\/div>\n                \n                <div class=\"pac_dtoc_icon_responsive\">\n                    <div class=\"pac_dtoc_opened_icon\">2<\/div>\n                    <div class=\"pac_dtoc_closed_icon\">3<\/div>\n                <\/div>\n                \n            <\/div>\n            <div role=\"navigation\" aria-labelledby=\"pac_dtocm_title\" class=\"pac_dtoc_body_area inside\">\n                \n                <div class='divi_table_of_contents' role=\"tree\" ><\/div>\n            <\/div>\n        <\/div>\n        \n\t\t\t\t<\/div>\n\t\t\t<\/div>\u00daltimos art\u00edculos<div class=\"et_pb_module dsm_blog_carousel dsm_blog_carousel_0\">\n\t\t\t\t\n\t\t\t\t\n\t\t\t\t\n\t\t\t\t\n\t\t\t\t\n\t\t\t\t\n\t\t\t\t<div class=\"et_pb_module_inner\">\n\t\t\t\t\t<div class=\"dsm-blog-carousel\" data-orientation='horizontal' data-loop='1' data-speed='500' data-columnsdesktop='1' data-columnsphone='1' data-columnstablet='1' data-autoplay='off' data-autoplayspeed='5000' data-ordernumber='0' data-spacing='30' data-spacingtablet='30' data-spacingphone='30' data-effect='default' data-effect-shadows='off' data-effect-coverflow-rotate='30' data-effect-coverflow-depth='100' data-centered='off' data-multi-row='off' data-row='1' data-rowstablet='1' data-rowsphone='1' data-pagi-button-style='bullets' data-pause-on-hover='off' data-touch-move='off' data-grab='on' data-mousewheel='off'>\n\t\t\t\t<div class=\"swiper-container dsm_blog_carousel_wrapper\" dir=\"ltr\">\n\t\t\t\t\t<div class=\"dsm-blog-carousel-wrapper swiper-wrapper\">\n\t\t\t\t\t\t\n\t\t\t\t<article class=\"dsm-blog-carousel-item swiper-slide\">\n\t\t\t\t\t<div class=\"dsm-grid-post-holder-inner\">\n\t\t\t\t\t\t\t\t\t\t\t\t\t<div class=\"dsm-entry-image\">\n\t\t\t\t\t\t\t\t\t\t\t\t\t\t\t\t<div class=\"dsm-entry-thumbnail\">\n\t\t\t\t\t\t\t\t\t\t\t\t\t\t\t\t\t\t\t<a href=\"https:\/\/www.ehorses.es\/revista\/compra-de-caballos\/cuanto-cuesta-un-caballo\/\">\n\t\t\t\t\t\t\t\t\t\t\t\t\t\t\t\t\t\t<img width=\"1080\" height=\"675\" src=\"https:\/\/www.ehorses.es\/revista\/wp-content\/uploads\/2025\/04\/cuanto-cuesta-un-caballo-1080x675.jpg\" class=\"skip-lazy wp-post-image\" alt=\"\u00bfCu\u00e1nto cuesta un caballo?\" decoding=\"async\" loading=\"lazy\" srcset=\"https:\/\/www.ehorses.es\/revista\/wp-content\/uploads\/2025\/04\/cuanto-cuesta-un-caballo-1080x675.jpg 1080w, https:\/\/www.ehorses.es\/revista\/wp-content\/uploads\/2025\/04\/cuanto-cuesta-un-caballo-980x572.jpg 980w, https:\/\/www.ehorses.es\/revista\/wp-content\/uploads\/2025\/04\/cuanto-cuesta-un-caballo-480x280.jpg 480w\" sizes=\"(min-width: 0px) and (max-width: 480px) 480px, (min-width: 481px) and (max-width: 980px) 980px, (min-width: 981px) 1080px, 100vw\" title=\"\">\t\t\t\t\t\t\t\t\t\t\t\t\t\t\t\t\t\t<\/a>\n\t\t\t\t\t\t\t\t\t\t\t\t\t\t\t\t\t<\/div>\n\t\t\t\t\t\t\t<\/div>\n\t\t\t\t\t\t\n\t\t\t\t\t\t<div class=\"dsm-entry-wrapper\">\n\t\t\t\t\t\t\t\t\t\t\t\t\t\t<header class=\"dsm-entry-header\">\n\t\t\t\t\t\t\t\t\t<h3 class=\"dsm-entry-title\">\n\t\t\t\t\t\t\t\t\t\t\t\t\t\t\t\t\t\t\t\t\t<a href=\"https:\/\/www.ehorses.es\/revista\/compra-de-caballos\/cuanto-cuesta-un-caballo\/\">\u00bfCu\u00e1nto cuesta un caballo?<\/a>\n\t\t\t\t\t\t\t\t\t\t\t\t\t\t\t\t\t\t\t<\/h3>\n\t\t\t\t\t\t\t\t<\/header>\n\t\t\t\t\t\t\n\t\t\t\t\t\t\n\t\t\t\t\t\t\t\n\t\t\t\t\t\t\t\t\t\t\t\t\t\t\t\t\t\t\t\t\t<\/div>\n\t\t\t\t\t<\/div>\n\t\t\t\t<\/article>\n\n\t\t\t\t\n\t\t\t\t\t<\/div>\n\t\t\t\t<\/div>\n\t\t\t\t\n\t\t\t\t<div class=\"swiper-container-horizontal\">\n\t\t\t\t\t\n\t\t\t\t<\/div>\n\t\t\t<\/div>\n\t\t\t\t<\/div>\n\t\t\t<\/div><div class=\"et_pb_module dsm_blog_carousel dsm_blog_carousel_1\">\n\t\t\t\t\n\t\t\t\t\n\t\t\t\t\n\t\t\t\t\n\t\t\t\t\n\t\t\t\t\n\t\t\t\t<div class=\"et_pb_module_inner\">\n\t\t\t\t\t<div class=\"dsm-blog-carousel\" data-orientation='horizontal' data-loop='1' data-speed='500' data-columnsdesktop='&#8220;1&#8243;' data-columnsphone='&#8220;1&#8243;' data-columnstablet='&#8220;1&#8243;' data-autoplay='&#8220;off&#8220;' data-autoplayspeed='5000' data-ordernumber='1' data-spacing='30' data-spacingtablet='30' data-spacingphone='30' data-effect='default' data-effect-shadows='off' data-effect-coverflow-rotate='30' data-effect-coverflow-depth='100' data-centered='off' data-multi-row='off' data-row='1' data-rowstablet='1' data-rowsphone='1' data-pagi-button-style='bullets' data-pause-on-hover='off' data-touch-move='off' data-grab='on' data-mousewheel='off' data-autoplay-viewport='80%'>\n\t\t\t\t<div class=\"swiper-container dsm_blog_carousel_wrapper\" dir=\"ltr\">\n\t\t\t\t\t<div class=\"dsm-blog-carousel-wrapper swiper-wrapper\">\n\t\t\t\t\t\t\n\t\t\t\t<article class=\"dsm-blog-carousel-item swiper-slide\">\n\t\t\t\t\t<div class=\"dsm-grid-post-holder-inner\">\n\t\t\t\t\t\t\t\t\t\t\t\t\t<div class=\"dsm-entry-image\">\n\t\t\t\t\t\t\t\t\t\t\t\t\t\t\t\t<div class=\"dsm-entry-thumbnail\">\n\t\t\t\t\t\t\t\t\t\t\t\t\t\t\t\t\t\t\t<a href=\"https:\/\/www.ehorses.es\/revista\/razas-de-caballos\/ponis-shetland\/\">\n\t\t\t\t\t\t\t\t\t\t\t\t\t\t\t\t\t\t<img width=\"1080\" height=\"675\" src=\"https:\/\/www.ehorses.es\/revista\/wp-content\/uploads\/2025\/04\/ponis-shetland-1080x675.webp\" class=\"skip-lazy wp-post-image\" alt=\"Ponis Shetland\" decoding=\"async\" loading=\"lazy\" srcset=\"https:\/\/www.ehorses.es\/revista\/wp-content\/uploads\/2025\/04\/ponis-shetland-1080x675.webp 1080w, https:\/\/www.ehorses.es\/revista\/wp-content\/uploads\/2025\/04\/ponis-shetland-980x572.webp 980w, https:\/\/www.ehorses.es\/revista\/wp-content\/uploads\/2025\/04\/ponis-shetland-480x280.webp 480w\" sizes=\"(min-width: 0px) and (max-width: 480px) 480px, (min-width: 481px) and (max-width: 980px) 980px, (min-width: 981px) 1080px, 100vw\" title=\"\">\t\t\t\t\t\t\t\t\t\t\t\t\t\t\t\t\t\t<\/a>\n\t\t\t\t\t\t\t\t\t\t\t\t\t\t\t\t\t<\/div>\n\t\t\t\t\t\t\t<\/div>\n\t\t\t\t\t\t\n\t\t\t\t\t\t<div class=\"dsm-entry-wrapper\">\n\t\t\t\t\t\t\t\t\t\t\t\t\t\t<header class=\"dsm-entry-header\">\n\t\t\t\t\t\t\t\t\t<h2 class=\"dsm-entry-title\">\n\t\t\t\t\t\t\t\t\t\t\t\t\t\t\t\t\t\t\t\t\t<a href=\"https:\/\/www.ehorses.es\/revista\/razas-de-caballos\/ponis-shetland\/\">Ponis Shetland<\/a>\n\t\t\t\t\t\t\t\t\t\t\t\t\t\t\t\t\t\t\t<\/h2>\n\t\t\t\t\t\t\t\t<\/header>\n\t\t\t\t\t\t\n\t\t\t\t\t\t\n\t\t\t\t\t\t\t\n\t\t\t\t\t\t\t\t\t\t\t\t\t\t\t\t\t\t\t\t\t<\/div>\n\t\t\t\t\t<\/div>\n\t\t\t\t<\/article>\n\n\t\t\t\t\n\t\t\t\t<article class=\"dsm-blog-carousel-item swiper-slide\">\n\t\t\t\t\t<div class=\"dsm-grid-post-holder-inner\">\n\t\t\t\t\t\t\t\t\t\t\t\t\t<div class=\"dsm-entry-image\">\n\t\t\t\t\t\t\t\t\t\t\t\t\t\t\t\t<div class=\"dsm-entry-thumbnail\">\n\t\t\t\t\t\t\t\t\t\t\t\t\t\t\t\t\t\t\t<a href=\"https:\/\/www.ehorses.es\/revista\/razas-de-caballos\/oldenburgo\/\">\n\t\t\t\t\t\t\t\t\t\t\t\t\t\t\t\t\t\t<img width=\"1080\" height=\"675\" src=\"https:\/\/www.ehorses.es\/revista\/wp-content\/uploads\/2025\/03\/oldenburgo-lateralmente-de-pie-1080x675.webp\" class=\"skip-lazy wp-post-image\" alt=\"Oldenburgo lateralmente de pie\" decoding=\"async\" loading=\"lazy\" srcset=\"https:\/\/www.ehorses.es\/revista\/wp-content\/uploads\/2025\/03\/oldenburgo-lateralmente-de-pie-1080x675.webp 1080w, https:\/\/www.ehorses.es\/revista\/wp-content\/uploads\/2025\/03\/oldenburgo-lateralmente-de-pie-980x572.webp 980w, https:\/\/www.ehorses.es\/revista\/wp-content\/uploads\/2025\/03\/oldenburgo-lateralmente-de-pie-480x280.webp 480w\" sizes=\"(min-width: 0px) and (max-width: 480px) 480px, (min-width: 481px) and (max-width: 980px) 980px, (min-width: 981px) 1080px, 100vw\" title=\"\">\t\t\t\t\t\t\t\t\t\t\t\t\t\t\t\t\t\t<\/a>\n\t\t\t\t\t\t\t\t\t\t\t\t\t\t\t\t\t<\/div>\n\t\t\t\t\t\t\t<\/div>\n\t\t\t\t\t\t\n\t\t\t\t\t\t<div class=\"dsm-entry-wrapper\">\n\t\t\t\t\t\t\t\t\t\t\t\t\t\t<header class=\"dsm-entry-header\">\n\t\t\t\t\t\t\t\t\t<h2 class=\"dsm-entry-title\">\n\t\t\t\t\t\t\t\t\t\t\t\t\t\t\t\t\t\t\t\t\t<a href=\"https:\/\/www.ehorses.es\/revista\/razas-de-caballos\/oldenburgo\/\">Oldenburgo<\/a>\n\t\t\t\t\t\t\t\t\t\t\t\t\t\t\t\t\t\t\t<\/h2>\n\t\t\t\t\t\t\t\t<\/header>\n\t\t\t\t\t\t\n\t\t\t\t\t\t\n\t\t\t\t\t\t\t\n\t\t\t\t\t\t\t\t\t\t\t\t\t\t\t\t\t\t\t\t\t<\/div>\n\t\t\t\t\t<\/div>\n\t\t\t\t<\/article>\n\n\t\t\t\t\n\t\t\t\t<article class=\"dsm-blog-carousel-item swiper-slide\">\n\t\t\t\t\t<div class=\"dsm-grid-post-holder-inner\">\n\t\t\t\t\t\t\t\t\t\t\t\t\t<div class=\"dsm-entry-image\">\n\t\t\t\t\t\t\t\t\t\t\t\t\t\t\t\t<div class=\"dsm-entry-thumbnail\">\n\t\t\t\t\t\t\t\t\t\t\t\t\t\t\t\t\t\t\t<a href=\"https:\/\/www.ehorses.es\/revista\/compra-de-caballos\/cuanto-cuesta-un-caballo\/\">\n\t\t\t\t\t\t\t\t\t\t\t\t\t\t\t\t\t\t<img width=\"1080\" height=\"675\" src=\"https:\/\/www.ehorses.es\/revista\/wp-content\/uploads\/2025\/04\/cuanto-cuesta-un-caballo-1080x675.jpg\" class=\"skip-lazy wp-post-image\" alt=\"\u00bfCu\u00e1nto cuesta un caballo?\" decoding=\"async\" loading=\"lazy\" srcset=\"https:\/\/www.ehorses.es\/revista\/wp-content\/uploads\/2025\/04\/cuanto-cuesta-un-caballo-1080x675.jpg 1080w, https:\/\/www.ehorses.es\/revista\/wp-content\/uploads\/2025\/04\/cuanto-cuesta-un-caballo-980x572.jpg 980w, https:\/\/www.ehorses.es\/revista\/wp-content\/uploads\/2025\/04\/cuanto-cuesta-un-caballo-480x280.jpg 480w\" sizes=\"(min-width: 0px) and (max-width: 480px) 480px, (min-width: 481px) and (max-width: 980px) 980px, (min-width: 981px) 1080px, 100vw\" title=\"\">\t\t\t\t\t\t\t\t\t\t\t\t\t\t\t\t\t\t<\/a>\n\t\t\t\t\t\t\t\t\t\t\t\t\t\t\t\t\t<\/div>\n\t\t\t\t\t\t\t<\/div>\n\t\t\t\t\t\t\n\t\t\t\t\t\t<div class=\"dsm-entry-wrapper\">\n\t\t\t\t\t\t\t\t\t\t\t\t\t\t<header class=\"dsm-entry-header\">\n\t\t\t\t\t\t\t\t\t<h2 class=\"dsm-entry-title\">\n\t\t\t\t\t\t\t\t\t\t\t\t\t\t\t\t\t\t\t\t\t<a href=\"https:\/\/www.ehorses.es\/revista\/compra-de-caballos\/cuanto-cuesta-un-caballo\/\">\u00bfCu\u00e1nto cuesta un caballo?<\/a>\n\t\t\t\t\t\t\t\t\t\t\t\t\t\t\t\t\t\t\t<\/h2>\n\t\t\t\t\t\t\t\t<\/header>\n\t\t\t\t\t\t\n\t\t\t\t\t\t\n\t\t\t\t\t\t\t\n\t\t\t\t\t\t\t\t\t\t\t\t\t\t\t\t\t\t\t\t\t<\/div>\n\t\t\t\t\t<\/div>\n\t\t\t\t<\/article>\n\n\t\t\t\t\n\t\t\t\t<article class=\"dsm-blog-carousel-item swiper-slide\">\n\t\t\t\t\t<div class=\"dsm-grid-post-holder-inner\">\n\t\t\t\t\t\t\t\t\t\t\t\t\t<div class=\"dsm-entry-image\">\n\t\t\t\t\t\t\t\t\t\t\t\t\t\t\t\t<div class=\"dsm-entry-thumbnail\">\n\t\t\t\t\t\t\t\t\t\t\t\t\t\t\t\t\t\t\t<a href=\"https:\/\/www.ehorses.es\/revista\/compra-de-caballos\/contrato-de-compraventa-de-caballos\/\">\n\t\t\t\t\t\t\t\t\t\t\t\t\t\t\t\t\t\t<img width=\"1080\" height=\"675\" src=\"https:\/\/www.ehorses.es\/revista\/wp-content\/uploads\/2025\/04\/contrato-de-compra-de-caballos-1080x675.jpg\" class=\"skip-lazy wp-post-image\" alt=\"Contrato de compraventa de caballos\" decoding=\"async\" loading=\"lazy\" srcset=\"https:\/\/www.ehorses.es\/revista\/wp-content\/uploads\/2025\/04\/contrato-de-compra-de-caballos-1080x675.jpg 1080w, https:\/\/www.ehorses.es\/revista\/wp-content\/uploads\/2025\/04\/contrato-de-compra-de-caballos-980x572.jpg 980w, https:\/\/www.ehorses.es\/revista\/wp-content\/uploads\/2025\/04\/contrato-de-compra-de-caballos-480x280.jpg 480w\" sizes=\"(min-width: 0px) and (max-width: 480px) 480px, (min-width: 481px) and (max-width: 980px) 980px, (min-width: 981px) 1080px, 100vw\" title=\"\">\t\t\t\t\t\t\t\t\t\t\t\t\t\t\t\t\t\t<\/a>\n\t\t\t\t\t\t\t\t\t\t\t\t\t\t\t\t\t<\/div>\n\t\t\t\t\t\t\t<\/div>\n\t\t\t\t\t\t\n\t\t\t\t\t\t<div class=\"dsm-entry-wrapper\">\n\t\t\t\t\t\t\t\t\t\t\t\t\t\t<header class=\"dsm-entry-header\">\n\t\t\t\t\t\t\t\t\t<h2 class=\"dsm-entry-title\">\n\t\t\t\t\t\t\t\t\t\t\t\t\t\t\t\t\t\t\t\t\t<a href=\"https:\/\/www.ehorses.es\/revista\/compra-de-caballos\/contrato-de-compraventa-de-caballos\/\">Contrato de compraventa de caballos<\/a>\n\t\t\t\t\t\t\t\t\t\t\t\t\t\t\t\t\t\t\t<\/h2>\n\t\t\t\t\t\t\t\t<\/header>\n\t\t\t\t\t\t\n\t\t\t\t\t\t\n\t\t\t\t\t\t\t\n\t\t\t\t\t\t\t\t\t\t\t\t\t\t\t\t\t\t\t\t\t<\/div>\n\t\t\t\t\t<\/div>\n\t\t\t\t<\/article>\n\n\t\t\t\t\n\t\t\t\t<article class=\"dsm-blog-carousel-item swiper-slide\">\n\t\t\t\t\t<div class=\"dsm-grid-post-holder-inner\">\n\t\t\t\t\t\t\t\t\t\t\t\t\t<div class=\"dsm-entry-image\">\n\t\t\t\t\t\t\t\t\t\t\t\t\t\t\t\t<div class=\"dsm-entry-thumbnail\">\n\t\t\t\t\t\t\t\t\t\t\t\t\t\t\t\t\t\t\t<a href=\"https:\/\/www.ehorses.es\/revista\/todo-sobre-caballos\/nombres-de-caballos-famosos\/\">\n\t\t\t\t\t\t\t\t\t\t\t\t\t\t\t\t\t\t<img width=\"1080\" height=\"675\" src=\"https:\/\/www.ehorses.es\/revista\/wp-content\/uploads\/2025\/04\/nombres-de-caballos-famosos-1080x675.jpg\" class=\"skip-lazy wp-post-image\" alt=\"Nombres de caballos famosos\" decoding=\"async\" loading=\"lazy\" srcset=\"https:\/\/www.ehorses.es\/revista\/wp-content\/uploads\/2025\/04\/nombres-de-caballos-famosos-1080x675.jpg 1080w, https:\/\/www.ehorses.es\/revista\/wp-content\/uploads\/2025\/04\/nombres-de-caballos-famosos-980x572.jpg 980w, https:\/\/www.ehorses.es\/revista\/wp-content\/uploads\/2025\/04\/nombres-de-caballos-famosos-480x280.jpg 480w\" sizes=\"(min-width: 0px) and (max-width: 480px) 480px, (min-width: 481px) and (max-width: 980px) 980px, (min-width: 981px) 1080px, 100vw\" title=\"\">\t\t\t\t\t\t\t\t\t\t\t\t\t\t\t\t\t\t<\/a>\n\t\t\t\t\t\t\t\t\t\t\t\t\t\t\t\t\t<\/div>\n\t\t\t\t\t\t\t<\/div>\n\t\t\t\t\t\t\n\t\t\t\t\t\t<div class=\"dsm-entry-wrapper\">\n\t\t\t\t\t\t\t\t\t\t\t\t\t\t<header class=\"dsm-entry-header\">\n\t\t\t\t\t\t\t\t\t<h2 class=\"dsm-entry-title\">\n\t\t\t\t\t\t\t\t\t\t\t\t\t\t\t\t\t\t\t\t\t<a href=\"https:\/\/www.ehorses.es\/revista\/todo-sobre-caballos\/nombres-de-caballos-famosos\/\">Nombres de caballos famosos<\/a>\n\t\t\t\t\t\t\t\t\t\t\t\t\t\t\t\t\t\t\t<\/h2>\n\t\t\t\t\t\t\t\t<\/header>\n\t\t\t\t\t\t\n\t\t\t\t\t\t\n\t\t\t\t\t\t\t\n\t\t\t\t\t\t\t\t\t\t\t\t\t\t\t\t\t\t\t\t\t<\/div>\n\t\t\t\t\t<\/div>\n\t\t\t\t<\/article>\n\n\t\t\t\t\n\t\t\t\t<article class=\"dsm-blog-carousel-item swiper-slide\">\n\t\t\t\t\t<div class=\"dsm-grid-post-holder-inner\">\n\t\t\t\t\t\t\t\t\t\t\t\t\t<div class=\"dsm-entry-image\">\n\t\t\t\t\t\t\t\t\t\t\t\t\t\t\t\t<div class=\"dsm-entry-thumbnail\">\n\t\t\t\t\t\t\t\t\t\t\t\t\t\t\t\t\t\t\t<a href=\"https:\/\/www.ehorses.es\/revista\/razas-de-caballos\/caballo-grande\/\">\n\t\t\t\t\t\t\t\t\t\t\t\t\t\t\t\t\t\t<img width=\"1080\" height=\"675\" src=\"https:\/\/www.ehorses.es\/revista\/wp-content\/uploads\/2025\/02\/clydesdale-grupo-1080x675.webp\" class=\"skip-lazy wp-post-image\" alt=\"Clydesdale grupo\" decoding=\"async\" loading=\"lazy\" srcset=\"https:\/\/www.ehorses.es\/revista\/wp-content\/uploads\/2025\/02\/clydesdale-grupo-1080x675.webp 1080w, https:\/\/www.ehorses.es\/revista\/wp-content\/uploads\/2025\/02\/clydesdale-grupo-980x572.webp 980w, https:\/\/www.ehorses.es\/revista\/wp-content\/uploads\/2025\/02\/clydesdale-grupo-480x280.webp 480w\" sizes=\"(min-width: 0px) and (max-width: 480px) 480px, (min-width: 481px) and (max-width: 980px) 980px, (min-width: 981px) 1080px, 100vw\" title=\"\">\t\t\t\t\t\t\t\t\t\t\t\t\t\t\t\t\t\t<\/a>\n\t\t\t\t\t\t\t\t\t\t\t\t\t\t\t\t\t<\/div>\n\t\t\t\t\t\t\t<\/div>\n\t\t\t\t\t\t\n\t\t\t\t\t\t<div class=\"dsm-entry-wrapper\">\n\t\t\t\t\t\t\t\t\t\t\t\t\t\t<header class=\"dsm-entry-header\">\n\t\t\t\t\t\t\t\t\t<h2 class=\"dsm-entry-title\">\n\t\t\t\t\t\t\t\t\t\t\t\t\t\t\t\t\t\t\t\t\t<a href=\"https:\/\/www.ehorses.es\/revista\/razas-de-caballos\/caballo-grande\/\">Caballo grande<\/a>\n\t\t\t\t\t\t\t\t\t\t\t\t\t\t\t\t\t\t\t<\/h2>\n\t\t\t\t\t\t\t\t<\/header>\n\t\t\t\t\t\t\n\t\t\t\t\t\t\n\t\t\t\t\t\t\t\n\t\t\t\t\t\t\t\t\t\t\t\t\t\t\t\t\t\t\t\t\t<\/div>\n\t\t\t\t\t<\/div>\n\t\t\t\t<\/article>\n\n\t\t\t\t\n\t\t\t\t<article class=\"dsm-blog-carousel-item swiper-slide\">\n\t\t\t\t\t<div class=\"dsm-grid-post-holder-inner\">\n\t\t\t\t\t\t\t\t\t\t\t\t\t<div class=\"dsm-entry-image\">\n\t\t\t\t\t\t\t\t\t\t\t\t\t\t\t\t<div class=\"dsm-entry-thumbnail\">\n\t\t\t\t\t\t\t\t\t\t\t\t\t\t\t\t\t\t\t<a href=\"https:\/\/www.ehorses.es\/revista\/razas-de-caballos\/pre\/\">\n\t\t\t\t\t\t\t\t\t\t\t\t\t\t\t\t\t\t<img width=\"1080\" height=\"675\" src=\"https:\/\/www.ehorses.es\/revista\/wp-content\/uploads\/2025\/03\/pre-al-galope-1080x675.webp\" class=\"skip-lazy wp-post-image\" alt=\"PRE al galope\" decoding=\"async\" loading=\"lazy\" srcset=\"https:\/\/www.ehorses.es\/revista\/wp-content\/uploads\/2025\/03\/pre-al-galope-1080x675.webp 1080w, https:\/\/www.ehorses.es\/revista\/wp-content\/uploads\/2025\/03\/pre-al-galope-980x572.webp 980w, https:\/\/www.ehorses.es\/revista\/wp-content\/uploads\/2025\/03\/pre-al-galope-480x280.webp 480w\" sizes=\"(min-width: 0px) and (max-width: 480px) 480px, (min-width: 481px) and (max-width: 980px) 980px, (min-width: 981px) 1080px, 100vw\" title=\"\">\t\t\t\t\t\t\t\t\t\t\t\t\t\t\t\t\t\t<\/a>\n\t\t\t\t\t\t\t\t\t\t\t\t\t\t\t\t\t<\/div>\n\t\t\t\t\t\t\t<\/div>\n\t\t\t\t\t\t\n\t\t\t\t\t\t<div class=\"dsm-entry-wrapper\">\n\t\t\t\t\t\t\t\t\t\t\t\t\t\t<header class=\"dsm-entry-header\">\n\t\t\t\t\t\t\t\t\t<h2 class=\"dsm-entry-title\">\n\t\t\t\t\t\t\t\t\t\t\t\t\t\t\t\t\t\t\t\t\t<a href=\"https:\/\/www.ehorses.es\/revista\/razas-de-caballos\/pre\/\">P.R.E.<\/a>\n\t\t\t\t\t\t\t\t\t\t\t\t\t\t\t\t\t\t\t<\/h2>\n\t\t\t\t\t\t\t\t<\/header>\n\t\t\t\t\t\t\n\t\t\t\t\t\t\n\t\t\t\t\t\t\t\n\t\t\t\t\t\t\t\t\t\t\t\t\t\t\t\t\t\t\t\t\t<\/div>\n\t\t\t\t\t<\/div>\n\t\t\t\t<\/article>\n\n\t\t\t\t\n\t\t\t\t<article class=\"dsm-blog-carousel-item swiper-slide\">\n\t\t\t\t\t<div class=\"dsm-grid-post-holder-inner\">\n\t\t\t\t\t\t\t\t\t\t\t\t\t<div class=\"dsm-entry-image\">\n\t\t\t\t\t\t\t\t\t\t\t\t\t\t\t\t<div class=\"dsm-entry-thumbnail\">\n\t\t\t\t\t\t\t\t\t\t\t\t\t\t\t\t\t\t\t<a href=\"https:\/\/www.ehorses.es\/revista\/razas-de-caballos\/sangre-fria-belga\/\">\n\t\t\t\t\t\t\t\t\t\t\t\t\t\t\t\t\t\t<img width=\"1080\" height=\"675\" src=\"https:\/\/www.ehorses.es\/revista\/wp-content\/uploads\/2025\/03\/sangre-fria-belga-de-perfil-pradera-1080x675.webp\" class=\"skip-lazy wp-post-image\" alt=\"Sangre fri\u00e1 belga de perfil pradera\" decoding=\"async\" loading=\"lazy\" srcset=\"https:\/\/www.ehorses.es\/revista\/wp-content\/uploads\/2025\/03\/sangre-fria-belga-de-perfil-pradera-1080x675.webp 1080w, https:\/\/www.ehorses.es\/revista\/wp-content\/uploads\/2025\/03\/sangre-fria-belga-de-perfil-pradera-980x572.webp 980w, https:\/\/www.ehorses.es\/revista\/wp-content\/uploads\/2025\/03\/sangre-fria-belga-de-perfil-pradera-480x280.webp 480w\" sizes=\"(min-width: 0px) and (max-width: 480px) 480px, (min-width: 481px) and (max-width: 980px) 980px, (min-width: 981px) 1080px, 100vw\" title=\"\">\t\t\t\t\t\t\t\t\t\t\t\t\t\t\t\t\t\t<\/a>\n\t\t\t\t\t\t\t\t\t\t\t\t\t\t\t\t\t<\/div>\n\t\t\t\t\t\t\t<\/div>\n\t\t\t\t\t\t\n\t\t\t\t\t\t<div class=\"dsm-entry-wrapper\">\n\t\t\t\t\t\t\t\t\t\t\t\t\t\t<header class=\"dsm-entry-header\">\n\t\t\t\t\t\t\t\t\t<h2 class=\"dsm-entry-title\">\n\t\t\t\t\t\t\t\t\t\t\t\t\t\t\t\t\t\t\t\t\t<a href=\"https:\/\/www.ehorses.es\/revista\/razas-de-caballos\/sangre-fria-belga\/\">Sangre fr\u00eda belga<\/a>\n\t\t\t\t\t\t\t\t\t\t\t\t\t\t\t\t\t\t\t<\/h2>\n\t\t\t\t\t\t\t\t<\/header>\n\t\t\t\t\t\t\n\t\t\t\t\t\t\n\t\t\t\t\t\t\t\n\t\t\t\t\t\t\t\t\t\t\t\t\t\t\t\t\t\t\t\t\t<\/div>\n\t\t\t\t\t<\/div>\n\t\t\t\t<\/article>\n\n\t\t\t\t\n\t\t\t\t<article class=\"dsm-blog-carousel-item swiper-slide\">\n\t\t\t\t\t<div class=\"dsm-grid-post-holder-inner\">\n\t\t\t\t\t\t\t\t\t\t\t\t\t<div class=\"dsm-entry-image\">\n\t\t\t\t\t\t\t\t\t\t\t\t\t\t\t\t<div class=\"dsm-entry-thumbnail\">\n\t\t\t\t\t\t\t\t\t\t\t\t\t\t\t\t\t\t\t<a href=\"https:\/\/www.ehorses.es\/revista\/razas-de-caballos\/caballo-curly\/\">\n\t\t\t\t\t\t\t\t\t\t\t\t\t\t\t\t\t\t<img width=\"1080\" height=\"675\" src=\"https:\/\/www.ehorses.es\/revista\/wp-content\/uploads\/2025\/03\/caballo-curly-en-pareja-1080x675.webp\" class=\"skip-lazy wp-post-image\" alt=\"Caballo Curly en pareja\" decoding=\"async\" loading=\"lazy\" srcset=\"https:\/\/www.ehorses.es\/revista\/wp-content\/uploads\/2025\/03\/caballo-curly-en-pareja-1080x675.webp 1080w, https:\/\/www.ehorses.es\/revista\/wp-content\/uploads\/2025\/03\/caballo-curly-en-pareja-980x572.webp 980w, https:\/\/www.ehorses.es\/revista\/wp-content\/uploads\/2025\/03\/caballo-curly-en-pareja-480x280.webp 480w\" sizes=\"(min-width: 0px) and (max-width: 480px) 480px, (min-width: 481px) and (max-width: 980px) 980px, (min-width: 981px) 1080px, 100vw\" title=\"\">\t\t\t\t\t\t\t\t\t\t\t\t\t\t\t\t\t\t<\/a>\n\t\t\t\t\t\t\t\t\t\t\t\t\t\t\t\t\t<\/div>\n\t\t\t\t\t\t\t<\/div>\n\t\t\t\t\t\t\n\t\t\t\t\t\t<div class=\"dsm-entry-wrapper\">\n\t\t\t\t\t\t\t\t\t\t\t\t\t\t<header class=\"dsm-entry-header\">\n\t\t\t\t\t\t\t\t\t<h2 class=\"dsm-entry-title\">\n\t\t\t\t\t\t\t\t\t\t\t\t\t\t\t\t\t\t\t\t\t<a href=\"https:\/\/www.ehorses.es\/revista\/razas-de-caballos\/caballo-curly\/\">Caballo Curly<\/a>\n\t\t\t\t\t\t\t\t\t\t\t\t\t\t\t\t\t\t\t<\/h2>\n\t\t\t\t\t\t\t\t<\/header>\n\t\t\t\t\t\t\n\t\t\t\t\t\t\n\t\t\t\t\t\t\t\n\t\t\t\t\t\t\t\t\t\t\t\t\t\t\t\t\t\t\t\t\t<\/div>\n\t\t\t\t\t<\/div>\n\t\t\t\t<\/article>\n\n\t\t\t\t\n\t\t\t\t<article class=\"dsm-blog-carousel-item swiper-slide\">\n\t\t\t\t\t<div class=\"dsm-grid-post-holder-inner\">\n\t\t\t\t\t\t\t\t\t\t\t\t\t<div class=\"dsm-entry-image\">\n\t\t\t\t\t\t\t\t\t\t\t\t\t\t\t\t<div class=\"dsm-entry-thumbnail\">\n\t\t\t\t\t\t\t\t\t\t\t\t\t\t\t\t\t\t\t<a href=\"https:\/\/www.ehorses.es\/revista\/razas-de-caballos\/caballo-de-holstein\/\">\n\t\t\t\t\t\t\t\t\t\t\t\t\t\t\t\t\t\t<img width=\"1080\" height=\"675\" src=\"https:\/\/www.ehorses.es\/revista\/wp-content\/uploads\/2025\/03\/caballo-de-holstein-en-el-camino-rural-1080x675.webp\" class=\"skip-lazy wp-post-image\" alt=\"Caballo de Holstein en el camino rural\" decoding=\"async\" loading=\"lazy\" srcset=\"https:\/\/www.ehorses.es\/revista\/wp-content\/uploads\/2025\/03\/caballo-de-holstein-en-el-camino-rural-1080x675.webp 1080w, https:\/\/www.ehorses.es\/revista\/wp-content\/uploads\/2025\/03\/caballo-de-holstein-en-el-camino-rural-980x572.webp 980w, https:\/\/www.ehorses.es\/revista\/wp-content\/uploads\/2025\/03\/caballo-de-holstein-en-el-camino-rural-480x280.webp 480w\" sizes=\"(min-width: 0px) and (max-width: 480px) 480px, (min-width: 481px) and (max-width: 980px) 980px, (min-width: 981px) 1080px, 100vw\" title=\"\">\t\t\t\t\t\t\t\t\t\t\t\t\t\t\t\t\t\t<\/a>\n\t\t\t\t\t\t\t\t\t\t\t\t\t\t\t\t\t<\/div>\n\t\t\t\t\t\t\t<\/div>\n\t\t\t\t\t\t\n\t\t\t\t\t\t<div class=\"dsm-entry-wrapper\">\n\t\t\t\t\t\t\t\t\t\t\t\t\t\t<header class=\"dsm-entry-header\">\n\t\t\t\t\t\t\t\t\t<h2 class=\"dsm-entry-title\">\n\t\t\t\t\t\t\t\t\t\t\t\t\t\t\t\t\t\t\t\t\t<a href=\"https:\/\/www.ehorses.es\/revista\/razas-de-caballos\/caballo-de-holstein\/\">Caballo de Holstein<\/a>\n\t\t\t\t\t\t\t\t\t\t\t\t\t\t\t\t\t\t\t<\/h2>\n\t\t\t\t\t\t\t\t<\/header>\n\t\t\t\t\t\t\n\t\t\t\t\t\t\n\t\t\t\t\t\t\t\n\t\t\t\t\t\t\t\t\t\t\t\t\t\t\t\t\t\t\t\t\t<\/div>\n\t\t\t\t\t<\/div>\n\t\t\t\t<\/article>\n\n\t\t\t\t\n\t\t\t\t\t<\/div>\n\t\t\t\t<\/div>\n\t\t\t\t\n\t\t\t\t<div class=\"swiper-container-horizontal\">\n\t\t\t\t\t\n\t\t\t\t<\/div>\n\t\t\t<\/div>\n\t\t\t\t<\/div>\n\t\t\t<\/div><\/p>\n","protected":false},"author":6,"featured_media":100644,"comment_status":"closed","ping_status":"closed","sticky":false,"template":"","format":"standard","meta":{"_et_pb_use_builder":"on","_et_pb_old_content":"","_et_gb_content_width":"","inline_featured_image":false,"footnotes":""},"categories":[18],"tags":[],"class_list":["post-100643","post","type-post","status-publish","format-standard","has-post-thumbnail","hentry","category-razas-de-caballos"],"_links":{"self":[{"href":"https:\/\/www.ehorses.es\/revista\/wp-json\/wp\/v2\/posts\/100643","targetHints":{"allow":["GET"]}}],"collection":[{"href":"https:\/\/www.ehorses.es\/revista\/wp-json\/wp\/v2\/posts"}],"about":[{"href":"https:\/\/www.ehorses.es\/revista\/wp-json\/wp\/v2\/types\/post"}],"author":[{"embeddable":true,"href":"https:\/\/www.ehorses.es\/revista\/wp-json\/wp\/v2\/users\/6"}],"replies":[{"embeddable":true,"href":"https:\/\/www.ehorses.es\/revista\/wp-json\/wp\/v2\/comments?post=100643"}],"version-history":[{"count":7,"href":"https:\/\/www.ehorses.es\/revista\/wp-json\/wp\/v2\/posts\/100643\/revisions"}],"predecessor-version":[{"id":101466,"href":"https:\/\/www.ehorses.es\/revista\/wp-json\/wp\/v2\/posts\/100643\/revisions\/101466"}],"wp:featuredmedia":[{"embeddable":true,"href":"https:\/\/www.ehorses.es\/revista\/wp-json\/wp\/v2\/media\/100644"}],"wp:attachment":[{"href":"https:\/\/www.ehorses.es\/revista\/wp-json\/wp\/v2\/media?parent=100643"}],"wp:term":[{"taxonomy":"category","embeddable":true,"href":"https:\/\/www.ehorses.es\/revista\/wp-json\/wp\/v2\/categories?post=100643"},{"taxonomy":"post_tag","embeddable":true,"href":"https:\/\/www.ehorses.es\/revista\/wp-json\/wp\/v2\/tags?post=100643"}],"curies":[{"name":"wp","href":"https:\/\/api.w.org\/{rel}","templated":true}]}}