{"id":100588,"date":"2025-03-04T16:37:32","date_gmt":"2025-03-04T15:37:32","guid":{"rendered":"https:\/\/ehorses-es.mhoptimize.de\/?p=100588"},"modified":"2025-03-27T16:27:19","modified_gmt":"2025-03-27T15:27:19","slug":"mangalarga-marchador","status":"publish","type":"post","link":"https:\/\/www.ehorses.es\/revista\/razas-de-caballos\/mangalarga-marchador\/","title":{"rendered":"Mangalarga Marchador"},"content":{"rendered":"<p>[et_pb_section fb_built=&#8220;1&#8243; custom_padding_last_edited=&#8220;on|phone&#8220; _builder_version=&#8220;4.27.4&#8243; _module_preset=&#8220;default&#8220; background_enable_color=&#8220;off&#8220; custom_padding=&#8220;||30px||false|false&#8220; custom_padding_tablet=&#8220;&#8220; custom_padding_phone=&#8220;10px||30px||false|false&#8220; global_colors_info=&#8220;{}&#8220;][et_pb_row _builder_version=&#8220;4.27.4&#8243; _module_preset=&#8220;default&#8220; width=&#8220;90%&#8220; custom_padding=&#8220;||0px||false|false&#8220; global_module=&#8220;100232&#8243; saved_tabs=&#8220;all&#8220; global_colors_info=&#8220;{}&#8220;][et_pb_column type=&#8220;4_4&#8243; _builder_version=&#8220;4.27.4&#8243; _module_preset=&#8220;default&#8220; global_colors_info=&#8220;{}&#8220;][dsm_breadcrumbs home_text=&#8220;Revista&#8220; home_icon=&#8220;&#xf015;||fa||900&#8243; separator_icon=&#8220;&#xf054;||fa||900&#8243; _builder_version=&#8220;4.27.4&#8243; _module_preset=&#8220;default&#8220; items_text_color=&#8220;#242424&#8243; items_font_size=&#8220;14px&#8220; home_icon_text_color=&#8220;#242424&#8243; home_icon_font_size=&#8220;20px&#8220; separators_text_color=&#8220;#242424&#8243; separators_font_size=&#8220;14px&#8220; current_font=&#8220;|700|||||||&#8220; current_font_size=&#8220;14px&#8220; global_colors_info=&#8220;{}&#8220;][\/dsm_breadcrumbs][\/et_pb_column][\/et_pb_row][et_pb_row column_structure=&#8220;2_3,1_3&#8243; _builder_version=&#8220;4.27.4&#8243; _module_preset=&#8220;default&#8220; width=&#8220;90%&#8220; custom_padding=&#8220;||50px||false|false&#8220; global_colors_info=&#8220;{}&#8220;][et_pb_column type=&#8220;2_3&#8243; _builder_version=&#8220;4.27.4&#8243; _module_preset=&#8220;default&#8220; global_colors_info=&#8220;{}&#8220;][dsm_dual_heading before_text=&#8220;Mangalarga Marchador: &#8220; middle_text=&#8220;Apariencia, car\u00e1cter, precio y m\u00e1s&#8220; heading_html_tag=&#8220;h1&#8243; _builder_version=&#8220;4.27.4&#8243; _module_preset=&#8220;default&#8220; header_line_height=&#8220;1.4em&#8220; before_text_color=&#8220;#C42026&#8243; middle_text_color=&#8220;#242424&#8243; custom_margin=&#8220;||15px||false|false&#8220; header_font_size_tablet=&#8220;&#8220; header_font_size_phone=&#8220;28px&#8220; header_font_size_last_edited=&#8220;on|phone&#8220; global_colors_info=&#8220;{}&#8220;][\/dsm_dual_heading][et_pb_text _builder_version=&#8220;4.27.4&#8243; _module_preset=&#8220;default&#8220; link_font=&#8220;||||on|||#C42026|&#8220; link_text_color=&#8220;#C42026&#8243; hover_enabled=&#8220;0&#8243; global_colors_info=&#8220;{}&#8220; sticky_enabled=&#8220;0&#8243;]<strong>El Mangalarga Marchador, originario del estado brasile\u00f1o de Minas Gerais y descendiente de razas ib\u00e9ricas y portuguesas, es conocido por su marcha natural, construcci\u00f3n arm\u00f3nica y tama\u00f1o mediano. Con m\u00e1s de 387,000 ejemplares registrados, es la tercera raza equina m\u00e1s grande del mundo, aunque a\u00fan poco conocida en Europa.<\/strong>[\/et_pb_text][et_pb_blurb image=&#8220;https:\/\/www.ehorses.es\/revista\/wp-content\/uploads\/2025\/02\/Ellipse-11.svg&#8220; icon_placement=&#8220;left&#8220; image_icon_width=&#8220;130%&#8220; content_max_width=&#8220;90%&#8220; image_icon_width_tablet=&#8220;&#8220; image_icon_width_phone=&#8220;&#8220; image_icon_width_last_edited=&#8220;on|phone&#8220; _builder_version=&#8220;4.27.4&#8243; _dynamic_attributes=&#8220;content&#8220; _module_preset=&#8220;default&#8220; body_line_height=&#8220;1.4em&#8220; image_icon_custom_margin=&#8220;|||-15px|false|false&#8220; image_icon_custom_padding=&#8220;||||false|false&#8220; custom_margin=&#8220;||-45px||false|false&#8220; animation=&#8220;off&#8220; body_font_size_tablet=&#8220;&#8220; body_font_size_phone=&#8220;14px&#8220; body_font_size_last_edited=&#8220;on|phone&#8220; global_colors_info=&#8220;{}&#8220;]@ET-DC@eyJkeW5hbWljIjp0cnVlLCJjb250ZW50IjoicG9zdF9kYXRlIiwic2V0dGluZ3MiOnsiYmVmb3JlIjoiPGI+TWljaGVsbGUgQnJlaXRlbmZlbGQ8L2I+PGJyPiIsImFmdGVyIjoiIiwiZGF0ZV9mb3JtYXQiOiJkZWZhdWx0IiwiY3VzdG9tX2RhdGVfZm9ybWF0IjoiIn19@[\/et_pb_blurb][dsm_social_share_buttons dsm_view=&#8220;icon&#8220; dsm_shape=&#8220;circle&#8220; dsm_alignment=&#8220;right&#8220; dsm_column_gap=&#8220;0px&#8220; dsm_icon_size=&#8220;32px&#8220; dsm_color_type=&#8220;custom&#8220; dsm_custom_bg_color=&#8220;RGBA(255,255,255,0)&#8220; dsm_custom_color=&#8220;#242424&#8243; dsm_social_hover_animation=&#8220;dsm-grow&#8220; dsm_icon_size_tablet=&#8220;&#8220; dsm_icon_size_phone=&#8220;26px&#8220; dsm_icon_size_last_edited=&#8220;on|phone&#8220; _builder_version=&#8220;4.27.4&#8243; _module_preset=&#8220;default&#8220; custom_css_free_form=&#8220;||&#8220; global_colors_info=&#8220;{}&#8220;][dsm_social_share_buttons_child dsm_network=&#8220;whatsapp&#8220; _builder_version=&#8220;4.27.4&#8243; _module_preset=&#8220;default&#8220; global_colors_info=&#8220;{}&#8220; dsm_view=&#8220;icon&#8220; dsm_label=&#8220;on&#8220; dsm_social_hover_animation=&#8220;dsm-grow&#8220;][\/dsm_social_share_buttons_child][dsm_social_share_buttons_child dsm_color_type=&#8220;custom&#8220; _builder_version=&#8220;4.27.4&#8243; _module_preset=&#8220;default&#8220; global_colors_info=&#8220;{}&#8220; dsm_view=&#8220;icon&#8220; dsm_label=&#8220;on&#8220; dsm_social_hover_animation=&#8220;dsm-grow&#8220;][\/dsm_social_share_buttons_child][dsm_social_share_buttons_child dsm_network=&#8220;pinterest&#8220; _builder_version=&#8220;4.27.4&#8243; _module_preset=&#8220;default&#8220; global_colors_info=&#8220;{}&#8220; dsm_view=&#8220;icon&#8220; dsm_label=&#8220;on&#8220; dsm_social_hover_animation=&#8220;dsm-grow&#8220;][\/dsm_social_share_buttons_child][\/dsm_social_share_buttons][et_pb_image src=&#8220;@ET-DC@eyJkeW5hbWljIjp0cnVlLCJjb250ZW50IjoicG9zdF9mZWF0dXJlZF9pbWFnZSIsInNldHRpbmdzIjp7fX0=@&#8220; title_text=&#8220;Rectangle 16&#8243; _builder_version=&#8220;4.27.4&#8243; _dynamic_attributes=&#8220;src&#8220; _module_preset=&#8220;default&#8220; border_radii=&#8220;on|10px|10px|10px|10px&#8220; global_colors_info=&#8220;{}&#8220;][\/et_pb_image][pac_divi_table_of_contents title=&#8220;\u00cdndice&#8220; included_headings=&#8220;off|on|off|off|off|off&#8220; title_container_padding=&#8220;12px|23px|10px|23px|false|false&#8220; title_container_bg_color=&#8220;#ffffff&#8220; open_icon_color=&#8220;#242424&#8243; close_icon_color=&#8220;#242424&#8243; body_area_bg_color=&#8220;#ffffff&#8220; body_area_text_link_underline=&#8220;#C42026&#8243; body_area_text_link_underline_thickness=&#8220;2px&#8220; body_area_text_link_padding=&#8220;4px|0px|4px|0px|true|false&#8220; body_area_text_link_color_active=&#8220;#C42026&#8243; body_area_text_link_underline_active=&#8220;#C42026&#8243; _builder_version=&#8220;4.27.4&#8243; _module_preset=&#8220;default&#8220; title_font_font=&#8220;|600|||||||&#8220; title_text_color=&#8220;#242424&#8243; title_font_size=&#8220;18px&#8220; heading_all_font=&#8220;|600|||||||&#8220; border_radii=&#8220;on|15px|15px|15px|15px&#8220; border_width_all=&#8220;1px&#8220; border_color_all=&#8220;#d6d6d6&#8243; border_width_bottom_title_container=&#8220;1px&#8220; border_color_bottom_title_container=&#8220;#d6d6d6&#8243; global_module=&#8220;100399&#8243; saved_tabs=&#8220;all&#8220; global_colors_info=&#8220;{}&#8220;][\/pac_divi_table_of_contents][\/et_pb_column][et_pb_column type=&#8220;1_3&#8243; disabled_on=&#8220;on|on|off&#8220; _builder_version=&#8220;4.27.4&#8243; _module_preset=&#8220;default&#8220; global_colors_info=&#8220;{}&#8220;][et_pb_text _builder_version=&#8220;4.27.4&#8243; _module_preset=&#8220;default&#8220; text_font_size=&#8220;24px&#8220; custom_margin=&#8220;||10px||false|false&#8220; global_colors_info=&#8220;{}&#8220; global_module=&#8220;101433&#8243; theme_builder_area=&#8220;post_content&#8220;]<\/p>\n<p><strong>\u00daltimos art\u00edculos<\/strong><\/p>\n<p>[\/et_pb_text][dsm_blog_carousel posts_number=&#8220;1&#8243; include_categories=&#8220;all&#8220; thumbnail_img_type=&#8220;contain&#8220; use_excerpt=&#8220;off&#8220; use_date=&#8220;off&#8220; use_author=&#8220;off&#8220; columns=&#8220;1&#8243; autoplay=&#8220;off&#8220; use_pagi=&#8220;off&#8220; use_navi=&#8220;off&#8220; post_padding=&#8220;10px|10px|0px|10px|false|true&#8220; post_equal_height=&#8220;on&#8220; content_wrapper=&#8220;15px|10px|10px|10px|false|true&#8220; _builder_version=&#8220;4.27.4&#8243; _module_preset=&#8220;default&#8220; title_level=&#8220;h3&#8243; title_font=&#8220;||||||||&#8220; title_font_size=&#8220;16px&#8220; title_line_height=&#8220;1.6em&#8220; custom_readmore=&#8220;on&#8220; readmore_text_size=&#8220;15px&#8220; readmore_text_color=&#8220;#ffffff&#8220; readmore_bg_color=&#8220;#C42026&#8243; readmore_border_width=&#8220;0px&#8220; readmore_border_radius=&#8220;10px&#8220; readmore_use_icon=&#8220;off&#8220; readmore_alignment=&#8220;center&#8220; readmore_custom_padding=&#8220;6px|25px|6px|25px|true|true&#8220; custom_margin=&#8220;||10px||false|false&#8220; custom_padding=&#8220;10px|10px|10px|10px|true|true&#8220; border_radii_post_box=&#8220;on|10px|10px|10px|10px&#8220; border_radii_image=&#8220;on|10px|10px|10px|10px&#8220; box_shadow_style_post_box=&#8220;preset1&#8243; box_shadow_vertical_post_box=&#8220;0px&#8220; box_shadow_blur_post_box=&#8220;20px&#8220; box_shadow_color_post_box=&#8220;rgba(0,0,0,0.15)&#8220; global_colors_info=&#8220;{}&#8220; global_module=&#8220;101434&#8243; theme_builder_area=&#8220;post_content&#8220;][\/dsm_blog_carousel][dsm_blog_carousel posts_number=&#8220;1&#8243; include_categories=&#8220;18&#8243; thumbnail_img_type=&#8220;contain&#8220; use_excerpt=&#8220;off&#8220; use_date=&#8220;off&#8220; use_author=&#8220;off&#8220; columns=&#8220;1&#8243; autoplay=&#8220;off&#8220; use_pagi=&#8220;off&#8220; use_navi=&#8220;off&#8220; post_padding=&#8220;10px|10px|0px|10px|false|true&#8220; post_equal_height=&#8220;on&#8220; content_wrapper=&#8220;15px|10px|10px|10px|false|true&#8220; _builder_version=&#8220;4.27.4&#8243; _module_preset=&#8220;default&#8220; title_level=&#8220;h3&#8243; title_font=&#8220;||||||||&#8220; title_font_size=&#8220;16px&#8220; title_line_height=&#8220;1.6em&#8220; custom_readmore=&#8220;on&#8220; readmore_text_size=&#8220;15px&#8220; readmore_text_color=&#8220;#ffffff&#8220; readmore_bg_color=&#8220;#C42026&#8243; readmore_border_width=&#8220;0px&#8220; readmore_border_radius=&#8220;10px&#8220; readmore_use_icon=&#8220;off&#8220; readmore_alignment=&#8220;center&#8220; readmore_custom_padding=&#8220;6px|25px|6px|25px|true|true&#8220; custom_margin=&#8220;||10px||false|false&#8220; custom_padding=&#8220;10px|10px|10px|10px|true|true&#8220; border_radii_post_box=&#8220;on|10px|10px|10px|10px&#8220; border_radii_image=&#8220;on|10px|10px|10px|10px&#8220; box_shadow_style_post_box=&#8220;preset1&#8243; box_shadow_vertical_post_box=&#8220;0px&#8220; box_shadow_blur_post_box=&#8220;20px&#8220; box_shadow_color_post_box=&#8220;rgba(0,0,0,0.15)&#8220; global_colors_info=&#8220;{}&#8220; global_module=&#8220;101435&#8243; theme_builder_area=&#8220;post_content&#8220;][\/dsm_blog_carousel][et_pb_button button_url=&#8220;\/revista\/razas-de-caballos\/&#8220; button_text=&#8220;Todas las razas de caballos&#8220; button_alignment=&#8220;center&#8220; _builder_version=&#8220;4.27.4&#8243; _module_preset=&#8220;default&#8220; custom_button=&#8220;on&#8220; button_text_size=&#8220;16px&#8220; button_text_color=&#8220;#ffffff&#8220; button_bg_color=&#8220;#C42026&#8243; button_border_width=&#8220;2px&#8220; button_border_color=&#8220;#C42026&#8243; button_border_radius=&#8220;10px&#8220; button_use_icon=&#8220;off&#8220; custom_padding=&#8220;8px|20px|8px|20px|true|true&#8220; global_colors_info=&#8220;{}&#8220; transform_styles__hover_enabled=&#8220;on|hover&#8220; transform_scale__hover_enabled=&#8220;on|hover&#8220; transform_translate__hover_enabled=&#8220;on|desktop&#8220; transform_rotate__hover_enabled=&#8220;on|desktop&#8220; transform_skew__hover_enabled=&#8220;on|desktop&#8220; transform_origin__hover_enabled=&#8220;on|desktop&#8220; transform_scale__hover=&#8220;105%|105%&#8220; global_module=&#8220;101436&#8243; theme_builder_area=&#8220;post_content&#8220;][\/et_pb_button][et_pb_code _builder_version=&#8220;4.27.4&#8243; _module_preset=&#8220;default&#8220; global_colors_info=&#8220;{}&#8220; global_module=&#8220;101437&#8243; theme_builder_area=&#8220;post_content&#8220;]<\/p>\n<div id=\"ehorses.es_sky_1\"><\/div>\n<p>[\/et_pb_code][\/et_pb_column][\/et_pb_row][et_pb_row use_custom_gutter=&#8220;on&#8220; gutter_width=&#8220;1&#8243; _builder_version=&#8220;4.27.4&#8243; _module_preset=&#8220;default&#8220; width=&#8220;90%&#8220; custom_padding=&#8220;0px||55px||false|false&#8220; global_colors_info=&#8220;{}&#8220;][et_pb_column type=&#8220;4_4&#8243; _builder_version=&#8220;4.27.4&#8243; _module_preset=&#8220;default&#8220; global_colors_info=&#8220;{}&#8220;][et_pb_text _builder_version=&#8220;4.27.4&#8243; _module_preset=&#8220;default&#8220; header_2_line_height=&#8220;1.4em&#8220; header_2_font_size_tablet=&#8220;&#8220; header_2_font_size_phone=&#8220;22px&#8220; header_2_font_size_last_edited=&#8220;on|phone&#8220; global_colors_info=&#8220;{}&#8220;]<\/p>\n<h2>Lo m\u00e1s destacado sobre el Mangalarga Marchador<\/h2>\n<p>[\/et_pb_text][et_pb_text _builder_version=&#8220;4.27.4&#8243; _module_preset=&#8220;default&#8220; link_font=&#8220;||||on|||#C42026|&#8220; link_text_color=&#8220;#C42026&#8243; global_colors_info=&#8220;{}&#8220;]<\/p>\n<ul>\n<li><strong>Origen:<\/strong> Brasil<\/li>\n<li><strong>\u00c1reas principales de cr\u00eda:<\/strong> Brasil<\/li>\n<li><strong>Distribuci\u00f3n:<\/strong> Brasil, EE.UU., Europa<\/li>\n<li><strong>Alzada:<\/strong> 140-157 cm<\/li>\n<li><strong>Peso:<\/strong> Hasta 450 kg<\/li>\n<li><strong>Apariencia:<\/strong> Raza de tama\u00f1o mediano, robusta y bien proporcionada. Cuerpo compacto pero ligero, cabeza distintiva con frente ancha y ojos grandes y expresivos, cuello piramidal bien musculado, l\u00ednea dorsal recta y grupa musculosa. Cuello, espalda, hueso de cadera y hueso isqui\u00e1tico deben tener la misma longitud. Partes \u00f3seas secas y pelo sedoso y fino.<\/li>\n<li><strong>Colores:<\/strong> Todas las tonalidades b\u00e1sicas, excepto Cremello, Perlino, albinos puros y caballos con ojos azules.<\/li>\n<li><strong>Prop\u00f3sitos principales:<\/strong> Caballo pastoril, equitaci\u00f3n de campo, caballo de trabajo, doma, Working Equitation, ocio, arte ecuestre, rodeo.<\/li>\n<\/ul>\n<p>[\/et_pb_text][\/et_pb_column][\/et_pb_row][et_pb_row use_custom_gutter=&#8220;on&#8220; gutter_width=&#8220;1&#8243; _builder_version=&#8220;4.27.4&#8243; _module_preset=&#8220;default&#8220; width=&#8220;90%&#8220; custom_margin=&#8220;0px||35px||false|false&#8220; custom_padding=&#8220;20px|20px|20px|20px|true|true&#8220; border_radii=&#8220;on|10px|10px|10px|10px&#8220; box_shadow_style=&#8220;preset1&#8243; box_shadow_vertical=&#8220;0px&#8220; box_shadow_blur=&#8220;20px&#8220; box_shadow_color=&#8220;rgba(0,0,0,0.15)&#8220; global_colors_info=&#8220;{}&#8220;][et_pb_column type=&#8220;4_4&#8243; _builder_version=&#8220;4.27.4&#8243; _module_preset=&#8220;default&#8220; global_colors_info=&#8220;{}&#8220;][dsm_icon_list icon_color=&#8220;#FF4C4D&#8220; icon_gap_width=&#8220;1.6em&#8220; icon_font_size=&#8220;32px&#8220; _builder_version=&#8220;4.27.4&#8243; _module_preset=&#8220;default&#8220; custom_margin=&#8220;||15px||false|false&#8220; global_colors_info=&#8220;{}&#8220;][dsm_icon_list_child text=&#8220;\u00bfCu\u00e1l es la alzada de un Mangalarga Marchador?&#8220; font_icon=&#8220;&#xe060;||divi||400&#8243; icon_color=&#8220;#FF4C4D&#8220; icon_font_size=&#8220;24px&#8220; _builder_version=&#8220;4.27.4&#8243; _module_preset=&#8220;default&#8220; text_font=&#8220;|700|||||||&#8220; text_font_size=&#8220;18px&#8220; text_line_height=&#8220;1.4em&#8220; global_colors_info=&#8220;{}&#8220;]<\/p>\n<p>ddds<\/p>\n<p>[\/dsm_icon_list_child][\/dsm_icon_list][et_pb_text _builder_version=&#8220;4.27.4&#8243; _module_preset=&#8220;default&#8220; global_colors_info=&#8220;{}&#8220;]Un Mangalarga Marchador alcanza una alzada m\u00e1xima de 157 cm. Las hembras deben tener una alzada m\u00ednima de 140 cm en la cruz, mientras que los machos deben medir al menos 150 cm.[\/et_pb_text][\/et_pb_column][\/et_pb_row][et_pb_row use_custom_gutter=&#8220;on&#8220; gutter_width=&#8220;1&#8243; _builder_version=&#8220;4.27.4&#8243; _module_preset=&#8220;default&#8220; width=&#8220;90%&#8220; custom_padding=&#8220;30px||55px||false|false&#8220; global_colors_info=&#8220;{}&#8220;][et_pb_column type=&#8220;4_4&#8243; _builder_version=&#8220;4.27.4&#8243; _module_preset=&#8220;default&#8220; global_colors_info=&#8220;{}&#8220;][et_pb_text _builder_version=&#8220;4.27.4&#8243; _module_preset=&#8220;default&#8220; header_2_line_height=&#8220;1.4em&#8220; custom_margin=&#8220;||25px||false|false&#8220; header_2_font_size_tablet=&#8220;&#8220; header_2_font_size_phone=&#8220;22px&#8220; header_2_font_size_last_edited=&#8220;on|phone&#8220; global_colors_info=&#8220;{}&#8220;]<\/p>\n<h2>Im\u00e1genes del Mangalarga Marchador<\/h2>\n<p>[\/et_pb_text][dsm_image_carousel gallery_ids=&#8220;100592,100591,100590&#8243; lazyload=&#8220;on&#8220; slide_to_show=&#8220;3&#8243; autoplay=&#8220;off&#8220; arrow_prev=&#8220;on&#8220; arrow_prev_font_icon=&#8220;&#x44;||divi||400&#8243; arrow_next=&#8220;on&#8220; arrow_next_font_icon=&#8220;&#x45;||divi||400&#8243; arrow_color=&#8220;#242424&#8243; dots_active_color=&#8220;#242424&#8243; _builder_version=&#8220;4.27.4&#8243; _module_preset=&#8220;default&#8220; border_radii_image=&#8220;on|15px|15px|15px|15px&#8220; global_colors_info=&#8220;{}&#8220;][\/dsm_image_carousel][\/et_pb_column][\/et_pb_row][et_pb_row use_custom_gutter=&#8220;on&#8220; gutter_width=&#8220;1&#8243; _builder_version=&#8220;4.27.4&#8243; _module_preset=&#8220;default&#8220; width=&#8220;90%&#8220; custom_padding=&#8220;30px||55px||false|false&#8220; global_colors_info=&#8220;{}&#8220;][et_pb_column type=&#8220;4_4&#8243; _builder_version=&#8220;4.27.4&#8243; _module_preset=&#8220;default&#8220; global_colors_info=&#8220;{}&#8220;][et_pb_text _builder_version=&#8220;4.27.4&#8243; _module_preset=&#8220;default&#8220; header_2_line_height=&#8220;1.4em&#8220; header_2_font_size_tablet=&#8220;&#8220; header_2_font_size_phone=&#8220;22px&#8220; header_2_font_size_last_edited=&#8220;on|phone&#8220; global_colors_info=&#8220;{}&#8220;]<\/p>\n<h2>Origen y evoluci\u00f3n del Mangalarga Marchador<\/h2>\n<p>[\/et_pb_text][et_pb_text _builder_version=&#8220;4.27.4&#8243; _module_preset=&#8220;default&#8220; link_font=&#8220;||||on||||&#8220; global_colors_info=&#8220;{}&#8220;]<\/p>\n<p>La historia del Mangalarga Marchador comienza a principios del siglo XIX con la llegada a Brasil de caballos Alter R\u00e9al que acompa\u00f1aron al escape de la familia real portuguesa de Napole\u00f3n. Estos caballos se cruzaron con ejemplares berberiscos y razas de trabajo ib\u00e9ricas, dando lugar a los primeros ejemplares de una nueva raza, conocida en ese momento como &#8222;Sublime&#8220;. Se distingu\u00edan por su elegante estructura y una marcha suave y c\u00f3moda llamada &#8222;Marcha&#8220;, que es similar al t\u00f6lt del caballo island\u00e9s.<\/p>\n<p>Con el objetivo de preservar y mejorar estas caracter\u00edsticas, se realizaron m\u00e1s cruces, y los caballos comenzaron a ser conocidos como &#8222;caballos de Mangalarga&#8220;, debido a la hacienda donde se criaron por primera vez. A comienzos del siglo XX, el zo\u00f3logo Paulo de Lima Corr\u00eaa llev\u00f3 a cabo estudios exhaustivos para definir el est\u00e1ndar de la raza Mangalarga. Durante este per\u00edodo, se cre\u00f3 un libro geneal\u00f3gico, y se establecieron los primeros criterios oficiales de selecci\u00f3n.<\/p>\n<p>Posteriormente, debido a diferentes cruces, la raza se dividi\u00f3 en dos: los Mangalarga y los Mangalarga Marchador. Actualmente, los Mangalarga Marchador son muy valorados en todo el mundo.<\/p>\n<p>[\/et_pb_text][\/et_pb_column][\/et_pb_row][et_pb_row use_custom_gutter=&#8220;on&#8220; gutter_width=&#8220;1&#8243; _builder_version=&#8220;4.27.4&#8243; _module_preset=&#8220;default&#8220; width=&#8220;90%&#8220; custom_margin=&#8220;0px||35px||false|false&#8220; custom_padding=&#8220;20px|20px|20px|20px|true|true&#8220; border_radii=&#8220;on|10px|10px|10px|10px&#8220; box_shadow_style=&#8220;preset1&#8243; box_shadow_vertical=&#8220;0px&#8220; box_shadow_blur=&#8220;20px&#8220; box_shadow_color=&#8220;rgba(0,0,0,0.15)&#8220; global_colors_info=&#8220;{}&#8220;][et_pb_column type=&#8220;4_4&#8243; _builder_version=&#8220;4.27.4&#8243; _module_preset=&#8220;default&#8220; global_colors_info=&#8220;{}&#8220;][dsm_icon_list icon_color=&#8220;#FF4C4D&#8220; icon_gap_width=&#8220;1.6em&#8220; icon_font_size=&#8220;32px&#8220; _builder_version=&#8220;4.27.4&#8243; _module_preset=&#8220;default&#8220; custom_margin=&#8220;||15px||false|false&#8220; global_colors_info=&#8220;{}&#8220;][dsm_icon_list_child text=&#8220;\u00bfCu\u00e1nto vive un Mangalarga Marchador?&#8220; font_icon=&#8220;&#xe060;||divi||400&#8243; icon_color=&#8220;#FF4C4D&#8220; icon_font_size=&#8220;24px&#8220; _builder_version=&#8220;4.27.4&#8243; _module_preset=&#8220;default&#8220; text_font=&#8220;|700|||||||&#8220; text_font_size=&#8220;18px&#8220; text_line_height=&#8220;1.4em&#8220; global_colors_info=&#8220;{}&#8220;]ddds[\/dsm_icon_list_child][\/dsm_icon_list][et_pb_text _builder_version=&#8220;4.27.4&#8243; _module_preset=&#8220;default&#8220; global_colors_info=&#8220;{}&#8220;]El Mangalarga Marchador puede vivir hasta 30 a\u00f1os en promedio.[\/et_pb_text][\/et_pb_column][\/et_pb_row][et_pb_row use_custom_gutter=&#8220;on&#8220; gutter_width=&#8220;1&#8243; _builder_version=&#8220;4.27.4&#8243; _module_preset=&#8220;default&#8220; width=&#8220;90%&#8220; custom_padding=&#8220;30px||55px||false|false&#8220; global_colors_info=&#8220;{}&#8220;][et_pb_column type=&#8220;4_4&#8243; _builder_version=&#8220;4.27.4&#8243; _module_preset=&#8220;default&#8220; global_colors_info=&#8220;{}&#8220;][et_pb_text _builder_version=&#8220;4.27.4&#8243; _module_preset=&#8220;default&#8220; header_2_line_height=&#8220;1.4em&#8220; header_2_font_size_tablet=&#8220;&#8220; header_2_font_size_phone=&#8220;22px&#8220; header_2_font_size_last_edited=&#8220;on|phone&#8220; global_colors_info=&#8220;{}&#8220;]<\/p>\n<h2>Apariencia del Mangalarga Marchador<\/h2>\n<p>[\/et_pb_text][et_pb_text ul_position=&#8220;inside&#8220; _builder_version=&#8220;4.27.4&#8243; _module_preset=&#8220;default&#8220; link_font=&#8220;||||on||||&#8220; global_colors_info=&#8220;{}&#8220;]<\/p>\n<p>El Mangalarga Marchador es una raza de tama\u00f1o mediano, con una alzada que oscila entre 140 y 157 cm. Destaca por su estructura potente y bien proporcionada. Su cabeza se caracteriza por una silueta triangular, frente ancha y plana, y ojos grandes y expresivos. Posee orejas ligeramente arqueadas, con puntas hacia adentro, fosas nasales amplias y un hocico firme de tama\u00f1o mediano.<\/p>\n<p>Su cuello, flexible y atl\u00e9tico, tiene forma piramidal y est\u00e1 bien proporcionado con el resto del cuerpo. El t\u00f3rax demuestra fuerza con un dorso recto, grupa musculosa y lomo corto que conecta armoniosamente con la espalda. La estructura \u00f3sea incluye ca\u00f1as fuertes, articulaciones pronunciadas y cuartillas inclinadas de longitud media. Su piel es fina y su pelaje liso, con crines y cola sedosas. Aunque todas las tonalidades son aceptadas, predominan los caballos de capa torda, mientras que los alazanes y negros son menos comunes.<\/p>\n<p>[\/et_pb_text][\/et_pb_column][\/et_pb_row][et_pb_row use_custom_gutter=&#8220;on&#8220; gutter_width=&#8220;1&#8243; _builder_version=&#8220;4.27.4&#8243; _module_preset=&#8220;default&#8220; width=&#8220;90%&#8220; custom_margin=&#8220;0px||35px||false|false&#8220; custom_padding=&#8220;20px|20px|20px|20px|true|true&#8220; border_radii=&#8220;on|10px|10px|10px|10px&#8220; box_shadow_style=&#8220;preset1&#8243; box_shadow_vertical=&#8220;0px&#8220; box_shadow_blur=&#8220;20px&#8220; box_shadow_color=&#8220;rgba(0,0,0,0.15)&#8220; global_colors_info=&#8220;{}&#8220;][et_pb_column type=&#8220;4_4&#8243; _builder_version=&#8220;4.27.4&#8243; _module_preset=&#8220;default&#8220; global_colors_info=&#8220;{}&#8220;][dsm_icon_list icon_color=&#8220;#FF4C4D&#8220; icon_gap_width=&#8220;1.6em&#8220; icon_font_size=&#8220;32px&#8220; _builder_version=&#8220;4.27.4&#8243; _module_preset=&#8220;default&#8220; custom_margin=&#8220;||15px||false|false&#8220; global_colors_info=&#8220;{}&#8220;][dsm_icon_list_child text=&#8220;\u00bfCu\u00e1nto pesa un Mangalarga Marchador?&#8220; font_icon=&#8220;&#xe060;||divi||400&#8243; icon_color=&#8220;#FF4C4D&#8220; icon_font_size=&#8220;24px&#8220; _builder_version=&#8220;4.27.4&#8243; _module_preset=&#8220;default&#8220; text_font=&#8220;|700|||||||&#8220; text_font_size=&#8220;18px&#8220; text_line_height=&#8220;1.4em&#8220; global_colors_info=&#8220;{}&#8220;]ddds[\/dsm_icon_list_child][\/dsm_icon_list][et_pb_text _builder_version=&#8220;4.27.4&#8243; _module_preset=&#8220;default&#8220; global_colors_info=&#8220;{}&#8220;]Un Mangalarga Marchador puede pesar hasta 450 kg.[\/et_pb_text][\/et_pb_column][\/et_pb_row][et_pb_row use_custom_gutter=&#8220;on&#8220; gutter_width=&#8220;1&#8243; _builder_version=&#8220;4.27.4&#8243; _module_preset=&#8220;default&#8220; width=&#8220;90%&#8220; custom_padding=&#8220;30px||55px||false|false&#8220; global_colors_info=&#8220;{}&#8220;][et_pb_column type=&#8220;4_4&#8243; _builder_version=&#8220;4.27.4&#8243; _module_preset=&#8220;default&#8220; global_colors_info=&#8220;{}&#8220;][et_pb_text _builder_version=&#8220;4.27.4&#8243; _module_preset=&#8220;default&#8220; header_2_line_height=&#8220;1.4em&#8220; header_2_font_size_tablet=&#8220;&#8220; header_2_font_size_phone=&#8220;22px&#8220; header_2_font_size_last_edited=&#8220;on|phone&#8220; global_colors_info=&#8220;{}&#8220;]<\/p>\n<h2>Car\u00e1cter del Mangalarga Marchador<\/h2>\n<p>[\/et_pb_text][et_pb_text ul_position=&#8220;inside&#8220; _builder_version=&#8220;4.27.4&#8243; _module_preset=&#8220;default&#8220; link_font=&#8220;||||on||||&#8220; ul_line_height=&#8220;2.4em&#8220; global_colors_info=&#8220;{}&#8220;]<\/p>\n<p>El Mangalarga Marchador es conocido por su temperamento d\u00f3cil y su afinidad hacia las personas. Es un caballo activo, dispuesto y muy vers\u00e1til, lo que lo convierte en un compa\u00f1ero ideal para diversas disciplinas. Ya sea para paseos por el campo, salto, doma cl\u00e1sica o simplemente para la recreaci\u00f3n familiar, los Marchadors destacan por su facilidad de manejo y su comportamiento amigable.<\/p>\n<p>En cuanto a su habilidad natural, el Mangalarga Marchador es valorado por su marcha caracter\u00edstica, la &#8222;Marcha&#8220;, un andar de cuatro tiempos que es imprescindible para que un caballo sea inscrito en el libro geneal\u00f3gico de la raza.<\/p>\n<p>[\/et_pb_text][\/et_pb_column][\/et_pb_row][et_pb_row use_custom_gutter=&#8220;on&#8220; gutter_width=&#8220;1&#8243; _builder_version=&#8220;4.27.4&#8243; _module_preset=&#8220;default&#8220; width=&#8220;90%&#8220; custom_margin=&#8220;0px||35px||false|false&#8220; custom_padding=&#8220;20px|20px|20px|20px|true|true&#8220; border_radii=&#8220;on|10px|10px|10px|10px&#8220; box_shadow_style=&#8220;preset1&#8243; box_shadow_vertical=&#8220;0px&#8220; box_shadow_blur=&#8220;20px&#8220; box_shadow_color=&#8220;rgba(0,0,0,0.15)&#8220; global_colors_info=&#8220;{}&#8220;][et_pb_column type=&#8220;4_4&#8243; _builder_version=&#8220;4.27.4&#8243; _module_preset=&#8220;default&#8220; global_colors_info=&#8220;{}&#8220;][dsm_icon_list icon_color=&#8220;#FF4C4D&#8220; icon_gap_width=&#8220;1.6em&#8220; icon_font_size=&#8220;32px&#8220; _builder_version=&#8220;4.27.4&#8243; _module_preset=&#8220;default&#8220; custom_margin=&#8220;||15px||false|false&#8220; global_colors_info=&#8220;{}&#8220;][dsm_icon_list_child text=&#8220;\u00bfCu\u00e1nto cuesta un Mangalarga Marchador?&#8220; font_icon=&#8220;&#xe060;||divi||400&#8243; icon_color=&#8220;#FF4C4D&#8220; icon_font_size=&#8220;24px&#8220; _builder_version=&#8220;4.27.4&#8243; _module_preset=&#8220;default&#8220; text_font=&#8220;|700|||||||&#8220; text_font_size=&#8220;18px&#8220; text_line_height=&#8220;1.4em&#8220; global_colors_info=&#8220;{}&#8220;]ddds[\/dsm_icon_list_child][\/dsm_icon_list][et_pb_text _builder_version=&#8220;4.27.4&#8243; _module_preset=&#8220;default&#8220; global_colors_info=&#8220;{}&#8220;]El precio de un Mangalarga Marchador comienza alrededor de los 8,000 euros, pero puede aumentar dependiendo del nivel de entrenamiento y las caracter\u00edsticas del ejemplar. (Fuente: <a href=\"https:\/\/www.ehorses.es\/\">ehorses.es<\/a>)[\/et_pb_text][\/et_pb_column][\/et_pb_row][et_pb_row use_custom_gutter=&#8220;on&#8220; gutter_width=&#8220;1&#8243; _builder_version=&#8220;4.27.4&#8243; _module_preset=&#8220;default&#8220; width=&#8220;90%&#8220; custom_padding=&#8220;30px||55px||false|false&#8220; global_colors_info=&#8220;{}&#8220;][et_pb_column type=&#8220;4_4&#8243; _builder_version=&#8220;4.27.4&#8243; _module_preset=&#8220;default&#8220; global_colors_info=&#8220;{}&#8220;][et_pb_text _builder_version=&#8220;4.27.4&#8243; _module_preset=&#8220;default&#8220; header_2_line_height=&#8220;1.4em&#8220; header_2_font_size_tablet=&#8220;&#8220; header_2_font_size_phone=&#8220;22px&#8220; header_2_font_size_last_edited=&#8220;on|phone&#8220; global_colors_info=&#8220;{}&#8220;]<\/p>\n<h2>Particularidades del Mangalarga Marchador<\/h2>\n<p>[\/et_pb_text][et_pb_text ul_position=&#8220;inside&#8220; _builder_version=&#8220;4.27.4&#8243; _module_preset=&#8220;default&#8220; link_font=&#8220;||||on||||&#8220; ul_line_height=&#8220;2.4em&#8220; global_colors_info=&#8220;{}&#8220;]<\/p>\n<p>Lo que diferencia al Mangalarga Marchador de la mayor\u00eda de las razas es su marcha adicional. La &#8222;Marcha&#8220;, similar al t\u00f6lt pero considerado \u00fanico, es un andar suave, c\u00f3modo y eficiente, que ha sido el enfoque principal de la cr\u00eda de esta raza.<\/p>\n<p>Existen dos o tres variantes de la Marcha:<\/p>\n<ul>\n<li><strong>Marcha Batida:<\/strong> Movimiento ligeramente diagonal.<\/li>\n<li><strong>Marcha Picada:<\/strong> Movimiento m\u00e1s lateral.<\/li>\n<li><strong>Marcha de Centro:<\/strong> Tambi\u00e9n conocida como Marcha Ideal, combina las caracter\u00edsticas de las dos anteriores.<\/li>\n<\/ul>\n<p>Dependiendo del criador, los Mangalarga Marchador pueden ser caballos que manejan tres o cuatro aires. Algunos criadores prefieren mantener el trote, mientras que otros priorizan la Marcha en lugar de esta.<\/p>\n<p>[\/et_pb_text][et_pb_image src=&#8220;https:\/\/www.ehorses.es\/revista\/wp-content\/uploads\/2025\/02\/mangalarga-marchador-individual-en-herd.webp&#8220; alt=&#8220;Mangalarga Marchador individual en herd&#8220; title_text=&#8220;Mangalarga Marchador&#8220; align=&#8220;center&#8220; _builder_version=&#8220;4.27.4&#8243; _module_preset=&#8220;default&#8220; custom_margin=&#8220;50px||||false|false&#8220; border_radii=&#8220;on|15px|15px|15px|15px&#8220; global_colors_info=&#8220;{}&#8220;][\/et_pb_image][\/et_pb_column][\/et_pb_row][et_pb_row use_custom_gutter=&#8220;on&#8220; gutter_width=&#8220;1&#8243; _builder_version=&#8220;4.27.4&#8243; _module_preset=&#8220;default&#8220; width=&#8220;90%&#8220; custom_padding=&#8220;30px||55px||false|false&#8220; global_colors_info=&#8220;{}&#8220;][et_pb_column type=&#8220;4_4&#8243; _builder_version=&#8220;4.27.4&#8243; _module_preset=&#8220;default&#8220; global_colors_info=&#8220;{}&#8220;][et_pb_text _builder_version=&#8220;4.27.4&#8243; _module_preset=&#8220;default&#8220; header_2_line_height=&#8220;1.4em&#8220; header_2_font_size_tablet=&#8220;&#8220; header_2_font_size_phone=&#8220;22px&#8220; header_2_font_size_last_edited=&#8220;on|phone&#8220; global_colors_info=&#8220;{}&#8220;]<\/p>\n<h2>Usos del Mangalarga Marchador<\/h2>\n<p>[\/et_pb_text][et_pb_text ul_position=&#8220;inside&#8220; _builder_version=&#8220;4.27.4&#8243; _module_preset=&#8220;default&#8220; link_font=&#8220;||||on||||&#8220; ul_line_height=&#8220;2.4em&#8220; global_colors_info=&#8220;{}&#8220;]Esta raza es adecuada para diversas disciplinas, incluyendo paseos largos, resistencia, doma cl\u00e1sica, Working Equitation, espect\u00e1culos ecuestres o simplemente como caballo de ocio confiable y generoso.[\/et_pb_text][\/et_pb_column][\/et_pb_row][et_pb_row use_custom_gutter=&#8220;on&#8220; gutter_width=&#8220;1&#8243; _builder_version=&#8220;4.27.4&#8243; _module_preset=&#8220;default&#8220; width=&#8220;90%&#8220; custom_padding=&#8220;30px||55px||false|false&#8220; global_colors_info=&#8220;{}&#8220;][et_pb_column type=&#8220;4_4&#8243; _builder_version=&#8220;4.27.4&#8243; _module_preset=&#8220;default&#8220; global_colors_info=&#8220;{}&#8220;][et_pb_text _builder_version=&#8220;4.27.4&#8243; _module_preset=&#8220;default&#8220; header_2_line_height=&#8220;1.4em&#8220; header_2_font_size_tablet=&#8220;&#8220; header_2_font_size_phone=&#8220;22px&#8220; header_2_font_size_last_edited=&#8220;on|phone&#8220; global_colors_info=&#8220;{}&#8220;]<\/p>\n<h2>Salud del Mangalarga Marchador<\/h2>\n<p>[\/et_pb_text][et_pb_text ul_position=&#8220;inside&#8220; _builder_version=&#8220;4.27.4&#8243; _module_preset=&#8220;default&#8220; link_font=&#8220;||||on||||&#8220; ul_line_height=&#8220;2.4em&#8220; global_colors_info=&#8220;{}&#8220;]El Mangalarga Marchador es una raza robusta y resistente que rara vez sufre problemas de salud importantes y tiene una recuperaci\u00f3n r\u00e1pida ante enfermedades.[\/et_pb_text][\/et_pb_column][\/et_pb_row][et_pb_row use_custom_gutter=&#8220;on&#8220; gutter_width=&#8220;1&#8243; _builder_version=&#8220;4.27.4&#8243; _module_preset=&#8220;default&#8220; width=&#8220;90%&#8220; custom_margin=&#8220;0px||35px||false|false&#8220; custom_padding=&#8220;20px|20px|20px|20px|true|true&#8220; border_radii=&#8220;on|10px|10px|10px|10px&#8220; box_shadow_style=&#8220;preset1&#8243; box_shadow_vertical=&#8220;0px&#8220; box_shadow_blur=&#8220;20px&#8220; box_shadow_color=&#8220;rgba(0,0,0,0.15)&#8220; global_colors_info=&#8220;{}&#8220;][et_pb_column type=&#8220;4_4&#8243; _builder_version=&#8220;4.27.4&#8243; _module_preset=&#8220;default&#8220; global_colors_info=&#8220;{}&#8220;][dsm_icon_list icon_color=&#8220;#FF4C4D&#8220; icon_gap_width=&#8220;1.6em&#8220; icon_font_size=&#8220;32px&#8220; _builder_version=&#8220;4.27.4&#8243; _module_preset=&#8220;default&#8220; custom_margin=&#8220;||15px||false|false&#8220; global_colors_info=&#8220;{}&#8220;][dsm_icon_list_child text=&#8220;\u00bfEst\u00e1s buscando el caballo de tus sue\u00f1os?&#8220; use_icon=&#8220;off&#8220; _builder_version=&#8220;4.27.4&#8243; _module_preset=&#8220;default&#8220; text_font=&#8220;|700|||||||&#8220; text_font_size=&#8220;18px&#8220; text_line_height=&#8220;1.4em&#8220; global_colors_info=&#8220;{}&#8220;]<\/p>\n<p>ddds<\/p>\n<p>[\/dsm_icon_list_child][\/dsm_icon_list][et_pb_text _builder_version=&#8220;4.27.4&#8243; _module_preset=&#8220;default&#8220; global_colors_info=&#8220;{}&#8220;]\u00a1Encu\u00e9ntralo ahora en ehorses, el mercado de caballos m\u00e1s grande del mundo![\/et_pb_text][et_pb_button button_url=&#8220;https:\/\/www.ehorses.es\/comprar-caballo\/mangalarga-marchador.html&#8220; button_text=&#8220;Encontrar Mangalarga Marchador&#8220; button_alignment=&#8220;left&#8220; _builder_version=&#8220;4.27.4&#8243; _module_preset=&#8220;default&#8220; custom_button=&#8220;on&#8220; button_text_size=&#8220;16px&#8220; button_text_color=&#8220;#ffffff&#8220; button_bg_color=&#8220;#C42026&#8243; button_border_width=&#8220;2px&#8220; button_border_color=&#8220;#C42026&#8243; button_border_radius=&#8220;10px&#8220; button_use_icon=&#8220;off&#8220; custom_margin=&#8220;20px||||false|false&#8220; custom_padding=&#8220;8px|20px|8px|20px|true|true&#8220; global_colors_info=&#8220;{}&#8220; transform_styles__hover_enabled=&#8220;on|hover&#8220; transform_scale__hover_enabled=&#8220;on|hover&#8220; transform_translate__hover_enabled=&#8220;on|desktop&#8220; transform_rotate__hover_enabled=&#8220;on|desktop&#8220; transform_skew__hover_enabled=&#8220;on|desktop&#8220; transform_origin__hover_enabled=&#8220;on|desktop&#8220; transform_scale__hover=&#8220;105%|105%&#8220;][\/et_pb_button][\/et_pb_column][\/et_pb_row][et_pb_row use_custom_gutter=&#8220;on&#8220; gutter_width=&#8220;1&#8243; _builder_version=&#8220;4.27.4&#8243; _module_preset=&#8220;default&#8220; width=&#8220;90%&#8220; custom_padding=&#8220;15px||55px||false|false&#8220; global_colors_info=&#8220;{}&#8220;][et_pb_column type=&#8220;4_4&#8243; _builder_version=&#8220;4.27.4&#8243; _module_preset=&#8220;default&#8220; global_colors_info=&#8220;{}&#8220;][et_pb_text _builder_version=&#8220;4.27.4&#8243; _module_preset=&#8220;default&#8220; header_2_line_height=&#8220;1.4em&#8220; custom_margin=&#8220;||10px||false|false&#8220; header_2_font_size_tablet=&#8220;&#8220; header_2_font_size_phone=&#8220;22px&#8220; header_2_font_size_last_edited=&#8220;on|phone&#8220; global_colors_info=&#8220;{}&#8220;]<\/p>\n<h2>Las preguntas m\u00e1s importantes de un vistazo<\/h2>\n<p>[\/et_pb_text][dsm_faq dsm_make_accordion_toggle=&#8220;on&#8220; dsm_open_faq_item=&#8220;on&#8220; dsm_enable_schema_markup=&#8220;on&#8220; dsm_close_bg_color=&#8220;RGBA(255,255,255,0)&#8220; dsm_open_font_icon=&#8220;&#x43;||divi||400&#8243; dsm_close_font_icon=&#8220;&#x45;||divi||400&#8243; dsm_close_icon_color=&#8220;#C42026&#8243; dsm_animate_icon=&#8220;on&#8220; _builder_version=&#8220;4.27.4&#8243; _module_preset=&#8220;default&#8220; header_level=&#8220;h2&#8243; header_font_size=&#8220;16px&#8220; header_line_height=&#8220;1.5em&#8220; border_radii_dsm_toggle_open_border=&#8220;on|10px|10px|10px|10px&#8220; border_radii_dsm_toggle_closed_border=&#8220;on|10px|10px|10px|10px&#8220; global_colors_info=&#8220;{}&#8220;][dsm_faq_child dsm_title=&#8220;\u00bfCu\u00e1l es la alzada de un Mangalarga Marchador?&#8220; dsm_content=&#8220;Un Mangalarga Marchador alcanza una alzada m\u00e1xima de 157 cm. Las hembras deben tener una alzada m\u00ednima de 140 cm en la cruz, mientras que los machos deben medir al menos 150 cm.&#8220; _builder_version=&#8220;4.27.4&#8243; _module_preset=&#8220;default&#8220; global_colors_info=&#8220;{}&#8220; parentOrderClass=&#8220;dsm_faq_1&#8243;][\/dsm_faq_child][dsm_faq_child dsm_title=&#8220;\u00bfCu\u00e1nto vive un Mangalarga Marchador?&#8220; dsm_content=&#8220;El Mangalarga Marchador puede vivir hasta 30 a\u00f1os en promedio.&#8220; _builder_version=&#8220;4.27.4&#8243; _module_preset=&#8220;default&#8220; global_colors_info=&#8220;{}&#8220; parentOrderClass=&#8220;dsm_faq_1&#8243;][\/dsm_faq_child][dsm_faq_child dsm_title=&#8220;\u00bfCu\u00e1nto pesa un Mangalarga Marchador?&#8220; dsm_content=&#8220;Un Mangalarga Marchador puede pesar hasta 450 kg.&#8220; _builder_version=&#8220;4.27.4&#8243; _module_preset=&#8220;default&#8220; global_colors_info=&#8220;{}&#8220; parentOrderClass=&#8220;dsm_faq_1&#8243;][\/dsm_faq_child][\/dsm_faq][\/et_pb_column][\/et_pb_row][\/et_pb_section][et_pb_section fb_built=&#8220;1&#8243; admin_label=&#8220;section&#8220; _builder_version=&#8220;4.27.4&#8243; _module_preset=&#8220;default&#8220; background_color=&#8220;#ffffff&#8220; custom_padding=&#8220;50px||20px||false|false&#8220; top_divider_height=&#8220;200px&#8220; global_module=&#8220;100333&#8243; saved_tabs=&#8220;all&#8220; global_colors_info=&#8220;{}&#8220;][et_pb_row admin_label=&#8220;row&#8220; _builder_version=&#8220;4.16&#8243; background_size=&#8220;initial&#8220; background_position=&#8220;top_left&#8220; background_repeat=&#8220;repeat&#8220; global_colors_info=&#8220;{}&#8220;][et_pb_column type=&#8220;4_4&#8243; _builder_version=&#8220;4.16&#8243; custom_padding=&#8220;|||&#8220; global_colors_info=&#8220;{}&#8220; custom_padding__hover=&#8220;|||&#8220;][et_pb_text _builder_version=&#8220;4.27.4&#8243; _module_preset=&#8220;default&#8220; header_2_line_height=&#8220;1.4em&#8220; custom_margin=&#8220;||10px||false|false&#8220; header_2_font_size_tablet=&#8220;&#8220; header_2_font_size_phone=&#8220;22px&#8220; header_2_font_size_last_edited=&#8220;on|phone&#8220; global_colors_info=&#8220;{}&#8220;]<\/p>\n<h2>Art\u00edculos m\u00e1s populares<\/h2>\n<p>[\/et_pb_text][dsm_blog_carousel include_categories=&#8220;18&#8243; lazyload=&#8220;on&#8220; thumbnail_img_type=&#8220;contain&#8220; use_excerpt=&#8220;off&#8220; use_date=&#8220;off&#8220; use_author=&#8220;off&#8220; autoplay=&#8220;off&#8220; pagi_active_color=&#8220;#F0FAF5&#8243; left_navi_position=&#8220;-30px&#8220; right_navi_position=&#8220;-30px&#8220; prev_icon=&#8220;&#x44;||divi||400&#8243; next_icon=&#8220;&#x45;||divi||400&#8243; post_padding=&#8220;10px|10px|0px|10px|false|true&#8220; post_equal_height=&#8220;on&#8220; _builder_version=&#8220;4.27.4&#8243; _module_preset=&#8220;default&#8220; title_level=&#8220;h3&#8243; title_font=&#8220;||||||||&#8220; title_line_height=&#8220;1.6em&#8220; custom_readmore=&#8220;on&#8220; readmore_text_size=&#8220;15px&#8220; readmore_text_color=&#8220;#ffffff&#8220; readmore_bg_color=&#8220;#C42026&#8243; readmore_border_width=&#8220;0px&#8220; readmore_border_radius=&#8220;10px&#8220; readmore_use_icon=&#8220;off&#8220; readmore_alignment=&#8220;center&#8220; readmore_custom_padding=&#8220;6px|25px|6px|25px|true|true&#8220; custom_padding=&#8220;10px|10px|10px|10px|true|true&#8220; border_radii_post_box=&#8220;on|10px|10px|10px|10px&#8220; border_radii_image=&#8220;on|10px|10px|10px|10px&#8220; box_shadow_style_post_box=&#8220;preset1&#8243; box_shadow_vertical_post_box=&#8220;0px&#8220; box_shadow_blur_post_box=&#8220;20px&#8220; box_shadow_color_post_box=&#8220;rgba(0,0,0,0.15)&#8220; global_colors_info=&#8220;{}&#8220;][\/dsm_blog_carousel][\/et_pb_column][\/et_pb_row][\/et_pb_section][et_pb_section fb_built=&#8220;1&#8243; prev_background_color=&#8220;#ffffff&#8220; disabled_on=&#8220;on|on|on&#8220; admin_label=&#8220;section&#8220; _builder_version=&#8220;4.27.4&#8243; _module_preset=&#8220;default&#8220; background_color=&#8220;#C42026&#8243; custom_padding=&#8220;5px||100px||false|false&#8220; top_divider_style=&#8220;curve&#8220; top_divider_height=&#8220;200px&#8220; disabled=&#8220;on&#8220; global_module=&#8220;100213&#8243; saved_tabs=&#8220;all&#8220; global_colors_info=&#8220;{}&#8220;][et_pb_row admin_label=&#8220;row&#8220; _builder_version=&#8220;4.16&#8243; background_size=&#8220;initial&#8220; background_position=&#8220;top_left&#8220; background_repeat=&#8220;repeat&#8220; custom_padding=&#8220;0px|||||&#8220; global_colors_info=&#8220;{}&#8220;][et_pb_column type=&#8220;4_4&#8243; _builder_version=&#8220;4.16&#8243; custom_padding=&#8220;|||&#8220; global_colors_info=&#8220;{}&#8220; custom_padding__hover=&#8220;|||&#8220;][et_pb_text _builder_version=&#8220;4.27.4&#8243; _module_preset=&#8220;default&#8220; header_2_line_height=&#8220;1.4em&#8220; custom_margin=&#8220;||10px||false|false&#8220; header_2_font_size_tablet=&#8220;&#8220; header_2_font_size_phone=&#8220;22px&#8220; header_2_font_size_last_edited=&#8220;on|phone&#8220; global_colors_info=&#8220;{}&#8220;]<\/p>\n<h2 style=\"text-align: center;\">Nuevos caballos en ehorses<\/h2>\n<p>[\/et_pb_text][dsm_blog_carousel include_categories=&#8220;18&#8243; lazyload=&#8220;on&#8220; thumbnail_img_type=&#8220;contain&#8220; use_excerpt=&#8220;off&#8220; use_date=&#8220;off&#8220; use_author=&#8220;off&#8220; autoplay=&#8220;off&#8220; pagi_active_color=&#8220;#F0FAF5&#8243; left_navi_position=&#8220;-30px&#8220; right_navi_position=&#8220;-30px&#8220; prev_icon=&#8220;&#x44;||divi||400&#8243; next_icon=&#8220;&#x45;||divi||400&#8243; post_padding=&#8220;10px|10px|0px|10px|false|true&#8220; post_equal_height=&#8220;on&#8220; _builder_version=&#8220;4.27.4&#8243; _module_preset=&#8220;default&#8220; title_level=&#8220;h3&#8243; title_font=&#8220;||||||||&#8220; title_line_height=&#8220;1.6em&#8220; custom_readmore=&#8220;on&#8220; readmore_text_size=&#8220;15px&#8220; readmore_text_color=&#8220;#ffffff&#8220; readmore_bg_color=&#8220;#C42026&#8243; readmore_border_width=&#8220;0px&#8220; readmore_border_radius=&#8220;10px&#8220; readmore_use_icon=&#8220;off&#8220; readmore_alignment=&#8220;center&#8220; readmore_custom_padding=&#8220;6px|25px|6px|25px|true|true&#8220; max_width=&#8220;200%&#8220; custom_margin=&#8220;||14px||false|false&#8220; custom_padding=&#8220;10px|10px|10px|10px|true|true&#8220; border_radii_post_box=&#8220;on|10px|10px|10px|10px&#8220; border_radii_image=&#8220;on|10px|10px|10px|10px&#8220; box_shadow_style_post_box=&#8220;preset1&#8243; box_shadow_vertical_post_box=&#8220;0px&#8220; box_shadow_blur_post_box=&#8220;20px&#8220; box_shadow_color_post_box=&#8220;rgba(0,0,0,0.15)&#8220; global_colors_info=&#8220;{}&#8220;][\/dsm_blog_carousel][\/et_pb_column][\/et_pb_row][et_pb_row _builder_version=&#8220;4.27.4&#8243; _module_preset=&#8220;default&#8220; global_colors_info=&#8220;{}&#8220;][et_pb_column type=&#8220;4_4&#8243; _builder_version=&#8220;4.27.4&#8243; _module_preset=&#8220;default&#8220; global_colors_info=&#8220;{}&#8220;][et_pb_button button_url=&#8220;https:\/\/www.ehorses.es\/caballos-para-la-venta&#8220; url_new_window=&#8220;on&#8220; button_text=&#8220;Mercado de caballos&#8220; button_alignment=&#8220;center&#8220; _builder_version=&#8220;4.27.4&#8243; _module_preset=&#8220;default&#8220; custom_button=&#8220;on&#8220; button_text_color=&#8220;#ffffff&#8220; button_border_color=&#8220;#ffffff&#8220; button_border_radius=&#8220;10px&#8220; button_use_icon=&#8220;off&#8220; background_layout=&#8220;dark&#8220; global_colors_info=&#8220;{}&#8220;][\/et_pb_button][\/et_pb_column][\/et_pb_row][\/et_pb_section]<\/p>\n","protected":false},"excerpt":{"rendered":"<p><div class=\"et_pb_module dsm_breadcrumbs dsm_breadcrumbs_0\">\n\t\t\t\t\n\t\t\t\t\n\t\t\t\t\n\t\t\t\t\n\t\t\t\t\n\t\t\t\t\n\t\t\t\t<div class=\"et_pb_module_inner\">\n\t\t\t\t\t<nav class=\"dsm_breadcrumbs_wrap\">\n\t\t\t\t<ul class=\"dsm_breadcrumbs\" itemscope itemtype=\"https:\/\/schema.org\/BreadcrumbList\">\t\t\t<li class=\"dsm_breadcrumbs_item dsm_home_item dsm_home_item_custom\" itemprop=\"itemListElement\" itemscope\n\t\t\titemtype=\"https:\/\/schema.org\/ListItem\">\n\t\t\t\t<a href=\"https:\/\/www.ehorses.es\/revista\" itemprop=\"item\" target=\"\">\n\t\t\t\t\t<span class='dsm_home_text_wrapper'>\n\t\t\t\t\t\t\t\t\t\t\t\t\t<span class=\"et-pb-icon dsm_home_icon\">&#xf015;<\/span>\n\t\t\t\t\t\t\t\t\t\t\t\t\t<span class=\"dsm_home_text\" itemprop=\"name\">\n\t\t\t\t\t\t\t\tRevista\t\t\t\t\t\t\t<\/span>\n\t\t\t\t\t<\/span>\n\t\t\t\t<\/a>\n\t\t\t\t<meta itemprop=\"position\" content=\"1\" \/>\n\t\t\t<\/li>\n\n\t\t<li class=\"dsm_breadcrumbs_separator\"> <span class=\"et-pb-icon dsm_separator_icon\">&#xf054;<\/span><\/li><\/ul>\n\t\t\t<\/nav>\n\t\t\t\t<\/div>\n\t\t\t<\/div><div class=\"et_pb_module dsm_dual_heading dsm_dual_heading_0  et_pb_bg_layout_light\">\n\t\t\t\t\n\t\t\t\t\n\t\t\t\t\n\t\t\t\t\n\t\t\t\t\n\t\t\t\t\n\t\t\t\t<div class=\"et_pb_module_inner\">\n\t\t\t\t\t<h1 class=\"dsm-dual-heading-main et_pb_module_header\"><span class=\"dsm-dual-heading-before\">Mangalarga Marchador: <\/span><span class=\"dsm-dual-heading-middle\">Apariencia, car\u00e1cter, precio y m\u00e1s<\/span><\/h1>\n\t\t\t\t<\/div>\n\t\t\t<\/div>El Mangalarga Marchador, originario del estado brasile\u00f1o de Minas Gerais y descendiente de razas ib\u00e9ricas y portuguesas, es conocido por su marcha natural, construcci\u00f3n arm\u00f3nica y tama\u00f1o mediano. Con m\u00e1s de 387,000 ejemplares registrados, es la tercera raza equina m\u00e1s grande del mundo, aunque a\u00fan poco conocida en Europa.<div class=\"et_pb_module dsm_social_share_buttons dsm_social_share_buttons_0\">\n\t\t\t\t\n\t\t\t\t\n\t\t\t\t\n\t\t\t\t\n\t\t\t\t\n\t\t\t\t\n\t\t\t\t<div class=\"et_pb_module_inner\">\n\t\t\t\t\t<div class=\"dsm-social-share-buttons-container dsm-gradient dsm-icon\">\n\t\t\t\t<div class=\"dsm-social-share-button-wrapper dsm_social_share_buttons_child_0\">\n\t\t\t\t\n\t\t\t            <div class=\"dsm-social-share-button-inner-wrapper dsm-whatsapp dsm_social_share_buttons_child_0 dsm-grow\" data-share_url=\"https:\/\/api.whatsapp.com\/send?text=\">\n\t\t\t\t\t\t    \n\t\t\t\t\t\t\t\n\t\t\t\t            <div class=\"dsm-social-share-button-icon\">\n\t\t\t\t\t\t\t<span class=\"dsm_icon et-pb-icon\">\uf232<\/span>\t\t\t\t\t\t    <\/div>\n\t\t\t\t\t\t    \n\t\t\t\t\t\t<\/div>\n\t\t\t   \n\t\t\t <\/div>\n\t\t\t<div class=\"dsm-social-share-button-wrapper dsm_social_share_buttons_child_1\">\n\t\t\t\t\n\t\t\t\t\t<div class=\"dsm-social-share-button-inner-wrapper dsm-facebook dsm_social_share_buttons_child_1 dsm-grow\" data-share_url=\"https:\/\/www.facebook.com\/sharer\/sharer.php?u=\">\n\t\t\t\t\t\t\t\n\t\t\t\t\t\t\t<div class=\"dsm-social-share-button-icon\">\n\t\t\t\t\t\t\t\t<span class=\"dsm_icon et-pb-icon\">\uf09a<\/span>\n\t\t\t\t\t\t\t<\/div>\n\t\t\t\t\t\t\t\n\t\t\t\t\t<\/div>\n\t\t\t   \n\t\t\t <\/div>\n\t\t\t<div class=\"dsm-social-share-button-wrapper dsm_social_share_buttons_child_2\">\n\t\t\t\t\n\t\t\t            <div class=\"dsm-social-share-button-inner-wrapper dsm-pinterest dsm_social_share_buttons_child_2 dsm-grow\" data-share_url=\"https:\/\/www.pinterest.com\/pin\/create\/button\/?url=&media=\">\n\t\t\t\t\t\t    \n\t\t\t\t\t\t\t\n\t\t\t                <div class=\"dsm-social-share-button-icon\">\n\t\t\t\t\t\t\t<span class=\"dsm_icon et-pb-icon\">\uf0d2<\/span>\t\t\t\t\t\t    <\/div>\n\t\t\t\t\t\t\t\n\t\t\t\t\t\t<\/div>\n\t\t\t   \n\t\t\t <\/div>\n\t\t\t\n\t\t\t<\/div>\n\t\t\t\n\t\t\t\t<\/div>\n\t\t\t<\/div><div class=\"et_pb_with_border et_pb_module pac_divi_table_of_contents pac_divi_table_of_contents_0\">\n\t\t\t\t\n\t\t\t\t\n\t\t\t\t\n\t\t\t\t\n\t\t\t\t\n\t\t\t\t\n\t\t\t\t<div class=\"et_pb_module_inner\">\n\t\t\t\t\t\n        <div class=\"pac_dtoc_main_container\"\n        data-allow_collapse_minimize=\"on\"\n        data-allow_collapse_minimize_tablet=\"on\"\n        data-allow_collapse_minimize_phone=\"on\"\n        data-ss=\"2000\"\n        data-sah=\"100\"\n        data-collapse_when_sticky=\"off\"\n        data-collapse_when_sticky_tablet=\"off\"\n        data-collapse_when_sticky_phone=\"off\"\n        data-skh=\"off\"\n        data-mtocai=\"off\"\n        data-mtocai_tablet=\"off\"\n        data-mtocai_phone=\"off\"\n        data-alh=\"off\"\n        data-ds=\"open\"\n        data-dst=\"open\"\n        data-dsp=\"open\">\n            <div class=\"pac_dtoc_title_area click_on click_tablet_on click_phone_on\">\n                <div role=\"heading\" aria-level=\"2\" id=\"pac_dtocm_title\" class=\"pac_dtoc_title\">\u00cdndice<\/div>\n                \n                <div class=\"pac_dtoc_icon_responsive\">\n                    <div class=\"pac_dtoc_opened_icon\">2<\/div>\n                    <div class=\"pac_dtoc_closed_icon\">3<\/div>\n                <\/div>\n                \n            <\/div>\n            <div role=\"navigation\" aria-labelledby=\"pac_dtocm_title\" class=\"pac_dtoc_body_area inside\">\n                \n                <div class='divi_table_of_contents' role=\"tree\" ><\/div>\n            <\/div>\n        <\/div>\n        \n\t\t\t\t<\/div>\n\t\t\t<\/div>\u00daltimos art\u00edculos<div class=\"et_pb_module dsm_blog_carousel dsm_blog_carousel_0\">\n\t\t\t\t\n\t\t\t\t\n\t\t\t\t\n\t\t\t\t\n\t\t\t\t\n\t\t\t\t\n\t\t\t\t<div class=\"et_pb_module_inner\">\n\t\t\t\t\t<div class=\"dsm-blog-carousel\" data-orientation='horizontal' data-loop='1' data-speed='500' data-columnsdesktop='1' data-columnsphone='1' data-columnstablet='1' data-autoplay='off' data-autoplayspeed='5000' data-ordernumber='0' data-spacing='30' data-spacingtablet='30' data-spacingphone='30' data-effect='default' data-effect-shadows='off' data-effect-coverflow-rotate='30' data-effect-coverflow-depth='100' data-centered='off' data-multi-row='off' data-row='1' data-rowstablet='1' data-rowsphone='1' data-pagi-button-style='bullets' data-pause-on-hover='off' data-touch-move='off' data-grab='on' data-mousewheel='off'>\n\t\t\t\t<div class=\"swiper-container dsm_blog_carousel_wrapper\" dir=\"ltr\">\n\t\t\t\t\t<div class=\"dsm-blog-carousel-wrapper swiper-wrapper\">\n\t\t\t\t\t\t\n\t\t\t\t<article class=\"dsm-blog-carousel-item swiper-slide\">\n\t\t\t\t\t<div class=\"dsm-grid-post-holder-inner\">\n\t\t\t\t\t\t\t\t\t\t\t\t\t<div class=\"dsm-entry-image\">\n\t\t\t\t\t\t\t\t\t\t\t\t\t\t\t\t<div class=\"dsm-entry-thumbnail\">\n\t\t\t\t\t\t\t\t\t\t\t\t\t\t\t\t\t\t\t<a href=\"https:\/\/www.ehorses.es\/revista\/compra-de-caballos\/cuanto-cuesta-un-caballo\/\">\n\t\t\t\t\t\t\t\t\t\t\t\t\t\t\t\t\t\t<img width=\"1080\" height=\"675\" src=\"https:\/\/www.ehorses.es\/revista\/wp-content\/uploads\/2025\/04\/cuanto-cuesta-un-caballo-1080x675.jpg\" class=\"skip-lazy wp-post-image\" alt=\"\u00bfCu\u00e1nto cuesta un caballo?\" decoding=\"async\" loading=\"lazy\" srcset=\"https:\/\/www.ehorses.es\/revista\/wp-content\/uploads\/2025\/04\/cuanto-cuesta-un-caballo-1080x675.jpg 1080w, https:\/\/www.ehorses.es\/revista\/wp-content\/uploads\/2025\/04\/cuanto-cuesta-un-caballo-980x572.jpg 980w, https:\/\/www.ehorses.es\/revista\/wp-content\/uploads\/2025\/04\/cuanto-cuesta-un-caballo-480x280.jpg 480w\" sizes=\"(min-width: 0px) and (max-width: 480px) 480px, (min-width: 481px) and (max-width: 980px) 980px, (min-width: 981px) 1080px, 100vw\" title=\"\">\t\t\t\t\t\t\t\t\t\t\t\t\t\t\t\t\t\t<\/a>\n\t\t\t\t\t\t\t\t\t\t\t\t\t\t\t\t\t<\/div>\n\t\t\t\t\t\t\t<\/div>\n\t\t\t\t\t\t\n\t\t\t\t\t\t<div class=\"dsm-entry-wrapper\">\n\t\t\t\t\t\t\t\t\t\t\t\t\t\t<header class=\"dsm-entry-header\">\n\t\t\t\t\t\t\t\t\t<h3 class=\"dsm-entry-title\">\n\t\t\t\t\t\t\t\t\t\t\t\t\t\t\t\t\t\t\t\t\t<a href=\"https:\/\/www.ehorses.es\/revista\/compra-de-caballos\/cuanto-cuesta-un-caballo\/\">\u00bfCu\u00e1nto cuesta un caballo?<\/a>\n\t\t\t\t\t\t\t\t\t\t\t\t\t\t\t\t\t\t\t<\/h3>\n\t\t\t\t\t\t\t\t<\/header>\n\t\t\t\t\t\t\n\t\t\t\t\t\t\n\t\t\t\t\t\t\t\n\t\t\t\t\t\t\t\t\t\t\t\t\t\t\t\t\t\t\t\t\t<\/div>\n\t\t\t\t\t<\/div>\n\t\t\t\t<\/article>\n\n\t\t\t\t\n\t\t\t\t\t<\/div>\n\t\t\t\t<\/div>\n\t\t\t\t\n\t\t\t\t<div class=\"swiper-container-horizontal\">\n\t\t\t\t\t\n\t\t\t\t<\/div>\n\t\t\t<\/div>\n\t\t\t\t<\/div>\n\t\t\t<\/div><div class=\"et_pb_module dsm_blog_carousel dsm_blog_carousel_1\">\n\t\t\t\t\n\t\t\t\t\n\t\t\t\t\n\t\t\t\t\n\t\t\t\t\n\t\t\t\t\n\t\t\t\t<div class=\"et_pb_module_inner\">\n\t\t\t\t\t<div class=\"dsm-blog-carousel\" data-orientation='horizontal' data-loop='1' data-speed='500' data-columnsdesktop='&#8220;1&#8243;' data-columnsphone='&#8220;1&#8243;' data-columnstablet='&#8220;1&#8243;' data-autoplay='&#8220;off&#8220;' data-autoplayspeed='5000' data-ordernumber='1' data-spacing='30' data-spacingtablet='30' data-spacingphone='30' data-effect='default' data-effect-shadows='off' data-effect-coverflow-rotate='30' data-effect-coverflow-depth='100' data-centered='off' data-multi-row='off' data-row='1' data-rowstablet='1' data-rowsphone='1' data-pagi-button-style='bullets' data-pause-on-hover='off' data-touch-move='off' data-grab='on' data-mousewheel='off' data-autoplay-viewport='80%'>\n\t\t\t\t<div class=\"swiper-container dsm_blog_carousel_wrapper\" dir=\"ltr\">\n\t\t\t\t\t<div class=\"dsm-blog-carousel-wrapper swiper-wrapper\">\n\t\t\t\t\t\t\n\t\t\t\t<article class=\"dsm-blog-carousel-item swiper-slide\">\n\t\t\t\t\t<div class=\"dsm-grid-post-holder-inner\">\n\t\t\t\t\t\t\t\t\t\t\t\t\t<div class=\"dsm-entry-image\">\n\t\t\t\t\t\t\t\t\t\t\t\t\t\t\t\t<div class=\"dsm-entry-thumbnail\">\n\t\t\t\t\t\t\t\t\t\t\t\t\t\t\t\t\t\t\t<a href=\"https:\/\/www.ehorses.es\/revista\/razas-de-caballos\/ponis-shetland\/\">\n\t\t\t\t\t\t\t\t\t\t\t\t\t\t\t\t\t\t<img width=\"1080\" height=\"675\" src=\"https:\/\/www.ehorses.es\/revista\/wp-content\/uploads\/2025\/04\/ponis-shetland-1080x675.webp\" class=\"skip-lazy wp-post-image\" alt=\"Ponis Shetland\" decoding=\"async\" loading=\"lazy\" srcset=\"https:\/\/www.ehorses.es\/revista\/wp-content\/uploads\/2025\/04\/ponis-shetland-1080x675.webp 1080w, https:\/\/www.ehorses.es\/revista\/wp-content\/uploads\/2025\/04\/ponis-shetland-980x572.webp 980w, https:\/\/www.ehorses.es\/revista\/wp-content\/uploads\/2025\/04\/ponis-shetland-480x280.webp 480w\" sizes=\"(min-width: 0px) and (max-width: 480px) 480px, (min-width: 481px) and (max-width: 980px) 980px, (min-width: 981px) 1080px, 100vw\" title=\"\">\t\t\t\t\t\t\t\t\t\t\t\t\t\t\t\t\t\t<\/a>\n\t\t\t\t\t\t\t\t\t\t\t\t\t\t\t\t\t<\/div>\n\t\t\t\t\t\t\t<\/div>\n\t\t\t\t\t\t\n\t\t\t\t\t\t<div class=\"dsm-entry-wrapper\">\n\t\t\t\t\t\t\t\t\t\t\t\t\t\t<header class=\"dsm-entry-header\">\n\t\t\t\t\t\t\t\t\t<h2 class=\"dsm-entry-title\">\n\t\t\t\t\t\t\t\t\t\t\t\t\t\t\t\t\t\t\t\t\t<a href=\"https:\/\/www.ehorses.es\/revista\/razas-de-caballos\/ponis-shetland\/\">Ponis Shetland<\/a>\n\t\t\t\t\t\t\t\t\t\t\t\t\t\t\t\t\t\t\t<\/h2>\n\t\t\t\t\t\t\t\t<\/header>\n\t\t\t\t\t\t\n\t\t\t\t\t\t\n\t\t\t\t\t\t\t\n\t\t\t\t\t\t\t\t\t\t\t\t\t\t\t\t\t\t\t\t\t<\/div>\n\t\t\t\t\t<\/div>\n\t\t\t\t<\/article>\n\n\t\t\t\t\n\t\t\t\t<article class=\"dsm-blog-carousel-item swiper-slide\">\n\t\t\t\t\t<div class=\"dsm-grid-post-holder-inner\">\n\t\t\t\t\t\t\t\t\t\t\t\t\t<div class=\"dsm-entry-image\">\n\t\t\t\t\t\t\t\t\t\t\t\t\t\t\t\t<div class=\"dsm-entry-thumbnail\">\n\t\t\t\t\t\t\t\t\t\t\t\t\t\t\t\t\t\t\t<a href=\"https:\/\/www.ehorses.es\/revista\/razas-de-caballos\/oldenburgo\/\">\n\t\t\t\t\t\t\t\t\t\t\t\t\t\t\t\t\t\t<img width=\"1080\" height=\"675\" src=\"https:\/\/www.ehorses.es\/revista\/wp-content\/uploads\/2025\/03\/oldenburgo-lateralmente-de-pie-1080x675.webp\" class=\"skip-lazy wp-post-image\" alt=\"Oldenburgo lateralmente de pie\" decoding=\"async\" loading=\"lazy\" srcset=\"https:\/\/www.ehorses.es\/revista\/wp-content\/uploads\/2025\/03\/oldenburgo-lateralmente-de-pie-1080x675.webp 1080w, https:\/\/www.ehorses.es\/revista\/wp-content\/uploads\/2025\/03\/oldenburgo-lateralmente-de-pie-980x572.webp 980w, https:\/\/www.ehorses.es\/revista\/wp-content\/uploads\/2025\/03\/oldenburgo-lateralmente-de-pie-480x280.webp 480w\" sizes=\"(min-width: 0px) and (max-width: 480px) 480px, (min-width: 481px) and (max-width: 980px) 980px, (min-width: 981px) 1080px, 100vw\" title=\"\">\t\t\t\t\t\t\t\t\t\t\t\t\t\t\t\t\t\t<\/a>\n\t\t\t\t\t\t\t\t\t\t\t\t\t\t\t\t\t<\/div>\n\t\t\t\t\t\t\t<\/div>\n\t\t\t\t\t\t\n\t\t\t\t\t\t<div class=\"dsm-entry-wrapper\">\n\t\t\t\t\t\t\t\t\t\t\t\t\t\t<header class=\"dsm-entry-header\">\n\t\t\t\t\t\t\t\t\t<h2 class=\"dsm-entry-title\">\n\t\t\t\t\t\t\t\t\t\t\t\t\t\t\t\t\t\t\t\t\t<a href=\"https:\/\/www.ehorses.es\/revista\/razas-de-caballos\/oldenburgo\/\">Oldenburgo<\/a>\n\t\t\t\t\t\t\t\t\t\t\t\t\t\t\t\t\t\t\t<\/h2>\n\t\t\t\t\t\t\t\t<\/header>\n\t\t\t\t\t\t\n\t\t\t\t\t\t\n\t\t\t\t\t\t\t\n\t\t\t\t\t\t\t\t\t\t\t\t\t\t\t\t\t\t\t\t\t<\/div>\n\t\t\t\t\t<\/div>\n\t\t\t\t<\/article>\n\n\t\t\t\t\n\t\t\t\t<article class=\"dsm-blog-carousel-item swiper-slide\">\n\t\t\t\t\t<div class=\"dsm-grid-post-holder-inner\">\n\t\t\t\t\t\t\t\t\t\t\t\t\t<div class=\"dsm-entry-image\">\n\t\t\t\t\t\t\t\t\t\t\t\t\t\t\t\t<div class=\"dsm-entry-thumbnail\">\n\t\t\t\t\t\t\t\t\t\t\t\t\t\t\t\t\t\t\t<a href=\"https:\/\/www.ehorses.es\/revista\/compra-de-caballos\/cuanto-cuesta-un-caballo\/\">\n\t\t\t\t\t\t\t\t\t\t\t\t\t\t\t\t\t\t<img width=\"1080\" height=\"675\" src=\"https:\/\/www.ehorses.es\/revista\/wp-content\/uploads\/2025\/04\/cuanto-cuesta-un-caballo-1080x675.jpg\" class=\"skip-lazy wp-post-image\" alt=\"\u00bfCu\u00e1nto cuesta un caballo?\" decoding=\"async\" loading=\"lazy\" srcset=\"https:\/\/www.ehorses.es\/revista\/wp-content\/uploads\/2025\/04\/cuanto-cuesta-un-caballo-1080x675.jpg 1080w, https:\/\/www.ehorses.es\/revista\/wp-content\/uploads\/2025\/04\/cuanto-cuesta-un-caballo-980x572.jpg 980w, https:\/\/www.ehorses.es\/revista\/wp-content\/uploads\/2025\/04\/cuanto-cuesta-un-caballo-480x280.jpg 480w\" sizes=\"(min-width: 0px) and (max-width: 480px) 480px, (min-width: 481px) and (max-width: 980px) 980px, (min-width: 981px) 1080px, 100vw\" title=\"\">\t\t\t\t\t\t\t\t\t\t\t\t\t\t\t\t\t\t<\/a>\n\t\t\t\t\t\t\t\t\t\t\t\t\t\t\t\t\t<\/div>\n\t\t\t\t\t\t\t<\/div>\n\t\t\t\t\t\t\n\t\t\t\t\t\t<div class=\"dsm-entry-wrapper\">\n\t\t\t\t\t\t\t\t\t\t\t\t\t\t<header class=\"dsm-entry-header\">\n\t\t\t\t\t\t\t\t\t<h2 class=\"dsm-entry-title\">\n\t\t\t\t\t\t\t\t\t\t\t\t\t\t\t\t\t\t\t\t\t<a href=\"https:\/\/www.ehorses.es\/revista\/compra-de-caballos\/cuanto-cuesta-un-caballo\/\">\u00bfCu\u00e1nto cuesta un caballo?<\/a>\n\t\t\t\t\t\t\t\t\t\t\t\t\t\t\t\t\t\t\t<\/h2>\n\t\t\t\t\t\t\t\t<\/header>\n\t\t\t\t\t\t\n\t\t\t\t\t\t\n\t\t\t\t\t\t\t\n\t\t\t\t\t\t\t\t\t\t\t\t\t\t\t\t\t\t\t\t\t<\/div>\n\t\t\t\t\t<\/div>\n\t\t\t\t<\/article>\n\n\t\t\t\t\n\t\t\t\t<article class=\"dsm-blog-carousel-item swiper-slide\">\n\t\t\t\t\t<div class=\"dsm-grid-post-holder-inner\">\n\t\t\t\t\t\t\t\t\t\t\t\t\t<div class=\"dsm-entry-image\">\n\t\t\t\t\t\t\t\t\t\t\t\t\t\t\t\t<div class=\"dsm-entry-thumbnail\">\n\t\t\t\t\t\t\t\t\t\t\t\t\t\t\t\t\t\t\t<a href=\"https:\/\/www.ehorses.es\/revista\/compra-de-caballos\/contrato-de-compraventa-de-caballos\/\">\n\t\t\t\t\t\t\t\t\t\t\t\t\t\t\t\t\t\t<img width=\"1080\" height=\"675\" src=\"https:\/\/www.ehorses.es\/revista\/wp-content\/uploads\/2025\/04\/contrato-de-compra-de-caballos-1080x675.jpg\" class=\"skip-lazy wp-post-image\" alt=\"Contrato de compraventa de caballos\" decoding=\"async\" loading=\"lazy\" srcset=\"https:\/\/www.ehorses.es\/revista\/wp-content\/uploads\/2025\/04\/contrato-de-compra-de-caballos-1080x675.jpg 1080w, https:\/\/www.ehorses.es\/revista\/wp-content\/uploads\/2025\/04\/contrato-de-compra-de-caballos-980x572.jpg 980w, https:\/\/www.ehorses.es\/revista\/wp-content\/uploads\/2025\/04\/contrato-de-compra-de-caballos-480x280.jpg 480w\" sizes=\"(min-width: 0px) and (max-width: 480px) 480px, (min-width: 481px) and (max-width: 980px) 980px, (min-width: 981px) 1080px, 100vw\" title=\"\">\t\t\t\t\t\t\t\t\t\t\t\t\t\t\t\t\t\t<\/a>\n\t\t\t\t\t\t\t\t\t\t\t\t\t\t\t\t\t<\/div>\n\t\t\t\t\t\t\t<\/div>\n\t\t\t\t\t\t\n\t\t\t\t\t\t<div class=\"dsm-entry-wrapper\">\n\t\t\t\t\t\t\t\t\t\t\t\t\t\t<header class=\"dsm-entry-header\">\n\t\t\t\t\t\t\t\t\t<h2 class=\"dsm-entry-title\">\n\t\t\t\t\t\t\t\t\t\t\t\t\t\t\t\t\t\t\t\t\t<a href=\"https:\/\/www.ehorses.es\/revista\/compra-de-caballos\/contrato-de-compraventa-de-caballos\/\">Contrato de compraventa de caballos<\/a>\n\t\t\t\t\t\t\t\t\t\t\t\t\t\t\t\t\t\t\t<\/h2>\n\t\t\t\t\t\t\t\t<\/header>\n\t\t\t\t\t\t\n\t\t\t\t\t\t\n\t\t\t\t\t\t\t\n\t\t\t\t\t\t\t\t\t\t\t\t\t\t\t\t\t\t\t\t\t<\/div>\n\t\t\t\t\t<\/div>\n\t\t\t\t<\/article>\n\n\t\t\t\t\n\t\t\t\t<article class=\"dsm-blog-carousel-item swiper-slide\">\n\t\t\t\t\t<div class=\"dsm-grid-post-holder-inner\">\n\t\t\t\t\t\t\t\t\t\t\t\t\t<div class=\"dsm-entry-image\">\n\t\t\t\t\t\t\t\t\t\t\t\t\t\t\t\t<div class=\"dsm-entry-thumbnail\">\n\t\t\t\t\t\t\t\t\t\t\t\t\t\t\t\t\t\t\t<a href=\"https:\/\/www.ehorses.es\/revista\/todo-sobre-caballos\/nombres-de-caballos-famosos\/\">\n\t\t\t\t\t\t\t\t\t\t\t\t\t\t\t\t\t\t<img width=\"1080\" height=\"675\" src=\"https:\/\/www.ehorses.es\/revista\/wp-content\/uploads\/2025\/04\/nombres-de-caballos-famosos-1080x675.jpg\" class=\"skip-lazy wp-post-image\" alt=\"Nombres de caballos famosos\" decoding=\"async\" loading=\"lazy\" srcset=\"https:\/\/www.ehorses.es\/revista\/wp-content\/uploads\/2025\/04\/nombres-de-caballos-famosos-1080x675.jpg 1080w, https:\/\/www.ehorses.es\/revista\/wp-content\/uploads\/2025\/04\/nombres-de-caballos-famosos-980x572.jpg 980w, https:\/\/www.ehorses.es\/revista\/wp-content\/uploads\/2025\/04\/nombres-de-caballos-famosos-480x280.jpg 480w\" sizes=\"(min-width: 0px) and (max-width: 480px) 480px, (min-width: 481px) and (max-width: 980px) 980px, (min-width: 981px) 1080px, 100vw\" title=\"\">\t\t\t\t\t\t\t\t\t\t\t\t\t\t\t\t\t\t<\/a>\n\t\t\t\t\t\t\t\t\t\t\t\t\t\t\t\t\t<\/div>\n\t\t\t\t\t\t\t<\/div>\n\t\t\t\t\t\t\n\t\t\t\t\t\t<div class=\"dsm-entry-wrapper\">\n\t\t\t\t\t\t\t\t\t\t\t\t\t\t<header class=\"dsm-entry-header\">\n\t\t\t\t\t\t\t\t\t<h2 class=\"dsm-entry-title\">\n\t\t\t\t\t\t\t\t\t\t\t\t\t\t\t\t\t\t\t\t\t<a href=\"https:\/\/www.ehorses.es\/revista\/todo-sobre-caballos\/nombres-de-caballos-famosos\/\">Nombres de caballos famosos<\/a>\n\t\t\t\t\t\t\t\t\t\t\t\t\t\t\t\t\t\t\t<\/h2>\n\t\t\t\t\t\t\t\t<\/header>\n\t\t\t\t\t\t\n\t\t\t\t\t\t\n\t\t\t\t\t\t\t\n\t\t\t\t\t\t\t\t\t\t\t\t\t\t\t\t\t\t\t\t\t<\/div>\n\t\t\t\t\t<\/div>\n\t\t\t\t<\/article>\n\n\t\t\t\t\n\t\t\t\t<article class=\"dsm-blog-carousel-item swiper-slide\">\n\t\t\t\t\t<div class=\"dsm-grid-post-holder-inner\">\n\t\t\t\t\t\t\t\t\t\t\t\t\t<div class=\"dsm-entry-image\">\n\t\t\t\t\t\t\t\t\t\t\t\t\t\t\t\t<div class=\"dsm-entry-thumbnail\">\n\t\t\t\t\t\t\t\t\t\t\t\t\t\t\t\t\t\t\t<a href=\"https:\/\/www.ehorses.es\/revista\/razas-de-caballos\/caballo-grande\/\">\n\t\t\t\t\t\t\t\t\t\t\t\t\t\t\t\t\t\t<img width=\"1080\" height=\"675\" src=\"https:\/\/www.ehorses.es\/revista\/wp-content\/uploads\/2025\/02\/clydesdale-grupo-1080x675.webp\" class=\"skip-lazy wp-post-image\" alt=\"Clydesdale grupo\" decoding=\"async\" loading=\"lazy\" srcset=\"https:\/\/www.ehorses.es\/revista\/wp-content\/uploads\/2025\/02\/clydesdale-grupo-1080x675.webp 1080w, https:\/\/www.ehorses.es\/revista\/wp-content\/uploads\/2025\/02\/clydesdale-grupo-980x572.webp 980w, https:\/\/www.ehorses.es\/revista\/wp-content\/uploads\/2025\/02\/clydesdale-grupo-480x280.webp 480w\" sizes=\"(min-width: 0px) and (max-width: 480px) 480px, (min-width: 481px) and (max-width: 980px) 980px, (min-width: 981px) 1080px, 100vw\" title=\"\">\t\t\t\t\t\t\t\t\t\t\t\t\t\t\t\t\t\t<\/a>\n\t\t\t\t\t\t\t\t\t\t\t\t\t\t\t\t\t<\/div>\n\t\t\t\t\t\t\t<\/div>\n\t\t\t\t\t\t\n\t\t\t\t\t\t<div class=\"dsm-entry-wrapper\">\n\t\t\t\t\t\t\t\t\t\t\t\t\t\t<header class=\"dsm-entry-header\">\n\t\t\t\t\t\t\t\t\t<h2 class=\"dsm-entry-title\">\n\t\t\t\t\t\t\t\t\t\t\t\t\t\t\t\t\t\t\t\t\t<a href=\"https:\/\/www.ehorses.es\/revista\/razas-de-caballos\/caballo-grande\/\">Caballo grande<\/a>\n\t\t\t\t\t\t\t\t\t\t\t\t\t\t\t\t\t\t\t<\/h2>\n\t\t\t\t\t\t\t\t<\/header>\n\t\t\t\t\t\t\n\t\t\t\t\t\t\n\t\t\t\t\t\t\t\n\t\t\t\t\t\t\t\t\t\t\t\t\t\t\t\t\t\t\t\t\t<\/div>\n\t\t\t\t\t<\/div>\n\t\t\t\t<\/article>\n\n\t\t\t\t\n\t\t\t\t<article class=\"dsm-blog-carousel-item swiper-slide\">\n\t\t\t\t\t<div class=\"dsm-grid-post-holder-inner\">\n\t\t\t\t\t\t\t\t\t\t\t\t\t<div class=\"dsm-entry-image\">\n\t\t\t\t\t\t\t\t\t\t\t\t\t\t\t\t<div class=\"dsm-entry-thumbnail\">\n\t\t\t\t\t\t\t\t\t\t\t\t\t\t\t\t\t\t\t<a href=\"https:\/\/www.ehorses.es\/revista\/razas-de-caballos\/pre\/\">\n\t\t\t\t\t\t\t\t\t\t\t\t\t\t\t\t\t\t<img width=\"1080\" height=\"675\" src=\"https:\/\/www.ehorses.es\/revista\/wp-content\/uploads\/2025\/03\/pre-al-galope-1080x675.webp\" class=\"skip-lazy wp-post-image\" alt=\"PRE al galope\" decoding=\"async\" loading=\"lazy\" srcset=\"https:\/\/www.ehorses.es\/revista\/wp-content\/uploads\/2025\/03\/pre-al-galope-1080x675.webp 1080w, https:\/\/www.ehorses.es\/revista\/wp-content\/uploads\/2025\/03\/pre-al-galope-980x572.webp 980w, https:\/\/www.ehorses.es\/revista\/wp-content\/uploads\/2025\/03\/pre-al-galope-480x280.webp 480w\" sizes=\"(min-width: 0px) and (max-width: 480px) 480px, (min-width: 481px) and (max-width: 980px) 980px, (min-width: 981px) 1080px, 100vw\" title=\"\">\t\t\t\t\t\t\t\t\t\t\t\t\t\t\t\t\t\t<\/a>\n\t\t\t\t\t\t\t\t\t\t\t\t\t\t\t\t\t<\/div>\n\t\t\t\t\t\t\t<\/div>\n\t\t\t\t\t\t\n\t\t\t\t\t\t<div class=\"dsm-entry-wrapper\">\n\t\t\t\t\t\t\t\t\t\t\t\t\t\t<header class=\"dsm-entry-header\">\n\t\t\t\t\t\t\t\t\t<h2 class=\"dsm-entry-title\">\n\t\t\t\t\t\t\t\t\t\t\t\t\t\t\t\t\t\t\t\t\t<a href=\"https:\/\/www.ehorses.es\/revista\/razas-de-caballos\/pre\/\">P.R.E.<\/a>\n\t\t\t\t\t\t\t\t\t\t\t\t\t\t\t\t\t\t\t<\/h2>\n\t\t\t\t\t\t\t\t<\/header>\n\t\t\t\t\t\t\n\t\t\t\t\t\t\n\t\t\t\t\t\t\t\n\t\t\t\t\t\t\t\t\t\t\t\t\t\t\t\t\t\t\t\t\t<\/div>\n\t\t\t\t\t<\/div>\n\t\t\t\t<\/article>\n\n\t\t\t\t\n\t\t\t\t<article class=\"dsm-blog-carousel-item swiper-slide\">\n\t\t\t\t\t<div class=\"dsm-grid-post-holder-inner\">\n\t\t\t\t\t\t\t\t\t\t\t\t\t<div class=\"dsm-entry-image\">\n\t\t\t\t\t\t\t\t\t\t\t\t\t\t\t\t<div class=\"dsm-entry-thumbnail\">\n\t\t\t\t\t\t\t\t\t\t\t\t\t\t\t\t\t\t\t<a href=\"https:\/\/www.ehorses.es\/revista\/razas-de-caballos\/sangre-fria-belga\/\">\n\t\t\t\t\t\t\t\t\t\t\t\t\t\t\t\t\t\t<img width=\"1080\" height=\"675\" src=\"https:\/\/www.ehorses.es\/revista\/wp-content\/uploads\/2025\/03\/sangre-fria-belga-de-perfil-pradera-1080x675.webp\" class=\"skip-lazy wp-post-image\" alt=\"Sangre fri\u00e1 belga de perfil pradera\" decoding=\"async\" loading=\"lazy\" srcset=\"https:\/\/www.ehorses.es\/revista\/wp-content\/uploads\/2025\/03\/sangre-fria-belga-de-perfil-pradera-1080x675.webp 1080w, https:\/\/www.ehorses.es\/revista\/wp-content\/uploads\/2025\/03\/sangre-fria-belga-de-perfil-pradera-980x572.webp 980w, https:\/\/www.ehorses.es\/revista\/wp-content\/uploads\/2025\/03\/sangre-fria-belga-de-perfil-pradera-480x280.webp 480w\" sizes=\"(min-width: 0px) and (max-width: 480px) 480px, (min-width: 481px) and (max-width: 980px) 980px, (min-width: 981px) 1080px, 100vw\" title=\"\">\t\t\t\t\t\t\t\t\t\t\t\t\t\t\t\t\t\t<\/a>\n\t\t\t\t\t\t\t\t\t\t\t\t\t\t\t\t\t<\/div>\n\t\t\t\t\t\t\t<\/div>\n\t\t\t\t\t\t\n\t\t\t\t\t\t<div class=\"dsm-entry-wrapper\">\n\t\t\t\t\t\t\t\t\t\t\t\t\t\t<header class=\"dsm-entry-header\">\n\t\t\t\t\t\t\t\t\t<h2 class=\"dsm-entry-title\">\n\t\t\t\t\t\t\t\t\t\t\t\t\t\t\t\t\t\t\t\t\t<a href=\"https:\/\/www.ehorses.es\/revista\/razas-de-caballos\/sangre-fria-belga\/\">Sangre fr\u00eda belga<\/a>\n\t\t\t\t\t\t\t\t\t\t\t\t\t\t\t\t\t\t\t<\/h2>\n\t\t\t\t\t\t\t\t<\/header>\n\t\t\t\t\t\t\n\t\t\t\t\t\t\n\t\t\t\t\t\t\t\n\t\t\t\t\t\t\t\t\t\t\t\t\t\t\t\t\t\t\t\t\t<\/div>\n\t\t\t\t\t<\/div>\n\t\t\t\t<\/article>\n\n\t\t\t\t\n\t\t\t\t<article class=\"dsm-blog-carousel-item swiper-slide\">\n\t\t\t\t\t<div class=\"dsm-grid-post-holder-inner\">\n\t\t\t\t\t\t\t\t\t\t\t\t\t<div class=\"dsm-entry-image\">\n\t\t\t\t\t\t\t\t\t\t\t\t\t\t\t\t<div class=\"dsm-entry-thumbnail\">\n\t\t\t\t\t\t\t\t\t\t\t\t\t\t\t\t\t\t\t<a href=\"https:\/\/www.ehorses.es\/revista\/razas-de-caballos\/caballo-curly\/\">\n\t\t\t\t\t\t\t\t\t\t\t\t\t\t\t\t\t\t<img width=\"1080\" height=\"675\" src=\"https:\/\/www.ehorses.es\/revista\/wp-content\/uploads\/2025\/03\/caballo-curly-en-pareja-1080x675.webp\" class=\"skip-lazy wp-post-image\" alt=\"Caballo Curly en pareja\" decoding=\"async\" loading=\"lazy\" srcset=\"https:\/\/www.ehorses.es\/revista\/wp-content\/uploads\/2025\/03\/caballo-curly-en-pareja-1080x675.webp 1080w, https:\/\/www.ehorses.es\/revista\/wp-content\/uploads\/2025\/03\/caballo-curly-en-pareja-980x572.webp 980w, https:\/\/www.ehorses.es\/revista\/wp-content\/uploads\/2025\/03\/caballo-curly-en-pareja-480x280.webp 480w\" sizes=\"(min-width: 0px) and (max-width: 480px) 480px, (min-width: 481px) and (max-width: 980px) 980px, (min-width: 981px) 1080px, 100vw\" title=\"\">\t\t\t\t\t\t\t\t\t\t\t\t\t\t\t\t\t\t<\/a>\n\t\t\t\t\t\t\t\t\t\t\t\t\t\t\t\t\t<\/div>\n\t\t\t\t\t\t\t<\/div>\n\t\t\t\t\t\t\n\t\t\t\t\t\t<div class=\"dsm-entry-wrapper\">\n\t\t\t\t\t\t\t\t\t\t\t\t\t\t<header class=\"dsm-entry-header\">\n\t\t\t\t\t\t\t\t\t<h2 class=\"dsm-entry-title\">\n\t\t\t\t\t\t\t\t\t\t\t\t\t\t\t\t\t\t\t\t\t<a href=\"https:\/\/www.ehorses.es\/revista\/razas-de-caballos\/caballo-curly\/\">Caballo Curly<\/a>\n\t\t\t\t\t\t\t\t\t\t\t\t\t\t\t\t\t\t\t<\/h2>\n\t\t\t\t\t\t\t\t<\/header>\n\t\t\t\t\t\t\n\t\t\t\t\t\t\n\t\t\t\t\t\t\t\n\t\t\t\t\t\t\t\t\t\t\t\t\t\t\t\t\t\t\t\t\t<\/div>\n\t\t\t\t\t<\/div>\n\t\t\t\t<\/article>\n\n\t\t\t\t\n\t\t\t\t<article class=\"dsm-blog-carousel-item swiper-slide\">\n\t\t\t\t\t<div class=\"dsm-grid-post-holder-inner\">\n\t\t\t\t\t\t\t\t\t\t\t\t\t<div class=\"dsm-entry-image\">\n\t\t\t\t\t\t\t\t\t\t\t\t\t\t\t\t<div class=\"dsm-entry-thumbnail\">\n\t\t\t\t\t\t\t\t\t\t\t\t\t\t\t\t\t\t\t<a href=\"https:\/\/www.ehorses.es\/revista\/razas-de-caballos\/caballo-de-holstein\/\">\n\t\t\t\t\t\t\t\t\t\t\t\t\t\t\t\t\t\t<img width=\"1080\" height=\"675\" src=\"https:\/\/www.ehorses.es\/revista\/wp-content\/uploads\/2025\/03\/caballo-de-holstein-en-el-camino-rural-1080x675.webp\" class=\"skip-lazy wp-post-image\" alt=\"Caballo de Holstein en el camino rural\" decoding=\"async\" loading=\"lazy\" srcset=\"https:\/\/www.ehorses.es\/revista\/wp-content\/uploads\/2025\/03\/caballo-de-holstein-en-el-camino-rural-1080x675.webp 1080w, https:\/\/www.ehorses.es\/revista\/wp-content\/uploads\/2025\/03\/caballo-de-holstein-en-el-camino-rural-980x572.webp 980w, https:\/\/www.ehorses.es\/revista\/wp-content\/uploads\/2025\/03\/caballo-de-holstein-en-el-camino-rural-480x280.webp 480w\" sizes=\"(min-width: 0px) and (max-width: 480px) 480px, (min-width: 481px) and (max-width: 980px) 980px, (min-width: 981px) 1080px, 100vw\" title=\"\">\t\t\t\t\t\t\t\t\t\t\t\t\t\t\t\t\t\t<\/a>\n\t\t\t\t\t\t\t\t\t\t\t\t\t\t\t\t\t<\/div>\n\t\t\t\t\t\t\t<\/div>\n\t\t\t\t\t\t\n\t\t\t\t\t\t<div class=\"dsm-entry-wrapper\">\n\t\t\t\t\t\t\t\t\t\t\t\t\t\t<header class=\"dsm-entry-header\">\n\t\t\t\t\t\t\t\t\t<h2 class=\"dsm-entry-title\">\n\t\t\t\t\t\t\t\t\t\t\t\t\t\t\t\t\t\t\t\t\t<a href=\"https:\/\/www.ehorses.es\/revista\/razas-de-caballos\/caballo-de-holstein\/\">Caballo de Holstein<\/a>\n\t\t\t\t\t\t\t\t\t\t\t\t\t\t\t\t\t\t\t<\/h2>\n\t\t\t\t\t\t\t\t<\/header>\n\t\t\t\t\t\t\n\t\t\t\t\t\t\n\t\t\t\t\t\t\t\n\t\t\t\t\t\t\t\t\t\t\t\t\t\t\t\t\t\t\t\t\t<\/div>\n\t\t\t\t\t<\/div>\n\t\t\t\t<\/article>\n\n\t\t\t\t\n\t\t\t\t\t<\/div>\n\t\t\t\t<\/div>\n\t\t\t\t\n\t\t\t\t<div class=\"swiper-container-horizontal\">\n\t\t\t\t\t\n\t\t\t\t<\/div>\n\t\t\t<\/div>\n\t\t\t\t<\/div>\n\t\t\t<\/div><\/p>\n","protected":false},"author":6,"featured_media":100590,"comment_status":"closed","ping_status":"closed","sticky":false,"template":"","format":"standard","meta":{"_et_pb_use_builder":"on","_et_pb_old_content":"","_et_gb_content_width":"","inline_featured_image":false,"footnotes":""},"categories":[18],"tags":[],"class_list":["post-100588","post","type-post","status-publish","format-standard","has-post-thumbnail","hentry","category-razas-de-caballos"],"_links":{"self":[{"href":"https:\/\/www.ehorses.es\/revista\/wp-json\/wp\/v2\/posts\/100588","targetHints":{"allow":["GET"]}}],"collection":[{"href":"https:\/\/www.ehorses.es\/revista\/wp-json\/wp\/v2\/posts"}],"about":[{"href":"https:\/\/www.ehorses.es\/revista\/wp-json\/wp\/v2\/types\/post"}],"author":[{"embeddable":true,"href":"https:\/\/www.ehorses.es\/revista\/wp-json\/wp\/v2\/users\/6"}],"replies":[{"embeddable":true,"href":"https:\/\/www.ehorses.es\/revista\/wp-json\/wp\/v2\/comments?post=100588"}],"version-history":[{"count":7,"href":"https:\/\/www.ehorses.es\/revista\/wp-json\/wp\/v2\/posts\/100588\/revisions"}],"predecessor-version":[{"id":101520,"href":"https:\/\/www.ehorses.es\/revista\/wp-json\/wp\/v2\/posts\/100588\/revisions\/101520"}],"wp:featuredmedia":[{"embeddable":true,"href":"https:\/\/www.ehorses.es\/revista\/wp-json\/wp\/v2\/media\/100590"}],"wp:attachment":[{"href":"https:\/\/www.ehorses.es\/revista\/wp-json\/wp\/v2\/media?parent=100588"}],"wp:term":[{"taxonomy":"category","embeddable":true,"href":"https:\/\/www.ehorses.es\/revista\/wp-json\/wp\/v2\/categories?post=100588"},{"taxonomy":"post_tag","embeddable":true,"href":"https:\/\/www.ehorses.es\/revista\/wp-json\/wp\/v2\/tags?post=100588"}],"curies":[{"name":"wp","href":"https:\/\/api.w.org\/{rel}","templated":true}]}}